{"id":378,"date":"2021-04-27T07:22:51","date_gmt":"2021-04-27T07:22:51","guid":{"rendered":"https:\/\/thinkinginyellow.com\/?p=378"},"modified":"2021-05-19T15:48:18","modified_gmt":"2021-05-19T15:48:18","slug":"cuanto-de-sociales","status":"publish","type":"post","link":"https:\/\/thinkinginyellow.com\/de\/cuanto-de-sociales\/","title":{"rendered":"\u00bfCu\u00e1nto de sociales hemos perdido por el camino?"},"content":{"rendered":"<p>[et_pb_section fb_built=&#8220;1&#8243; _builder_version=&#8220;4.9.3&#8243; _module_preset=&#8220;default&#8220; custom_margin=&#8220;5px||5px||true|false&#8220;][et_pb_row _builder_version=&#8220;4.9.3&#8243; _module_preset=&#8220;default&#8220; custom_margin=&#8220;||||false|false&#8220; custom_padding=&#8220;0px||||false|false&#8220; animation_style=&#8220;fade&#8220; animation_delay=&#8220;200ms&#8220;][et_pb_column type=&#8220;4_4&#8243; admin_label=&#8220;T\u00cdTULO&#8220; _builder_version=&#8220;4.9.3&#8243; _module_preset=&#8220;default&#8220;][et_pb_text _builder_version=&#8220;4.9.3&#8243; _module_preset=&#8220;default&#8220; header_5_font=&#8220;Varela Round||||||||&#8220; header_5_text_color=&#8220;#183029&#8243; header_5_font_size_tablet=&#8220;16px&#8220; header_5_font_size_phone=&#8220;15px&#8220; header_5_font_size_last_edited=&#8220;on|desktop&#8220;]<\/p>\n<h5>\u00bfCu\u00e1nto de sociales hemos perdido por el camino?<\/h5>\n<p>[\/et_pb_text][et_pb_text _builder_version=&#8220;4.9.3&#8243; _module_preset=&#8220;default&#8220; locked=&#8220;off&#8220;]<\/p>\n<p>Leyendo el libro <strong>Sapiens<\/strong>, de <em>Y<\/em>uval Noah Harari, me he encontrado con algunos pasajes que me han hecho reflexionar sobre cu\u00e1nto de seres sociales hemos perdido por el camino.<\/p>\n<p>[\/et_pb_text][et_pb_text _builder_version=&#8220;4.9.3&#8243; _module_preset=&#8220;default&#8220; locked=&#8220;off&#8220;]<\/p>\n<p><strong><span style=\"color: #94a596;\"> Por el camino de la historia y por nuestro propio camino personal. <\/span><\/strong><strong><span style=\"color: #94a596;\"><\/span><\/strong><\/p>\n<p>Siempre ha habido culturas m\u00e1s individualistas y culturas m\u00e1s colectivas, \u00bfpero en qu\u00e9 momento hist\u00f3rico cultural estamos ahora? \u00bfpodemos seguir haciendo esta clasificaci\u00f3n de culturas individualistas y colectivas?, \u00bfo el cambio de h\u00e1bitos sociales est\u00e1 pidiendo una tercera clasificaci\u00f3n?. Actualmente viajamos m\u00e1s, pasamos temporadas en otros pa\u00edses y emigramos con mayor frecuencia, lo que lleva a conocer y a implicarse en otras culturas que pueden ser m\u00e1s o menos individualistas o colectivas que la nuestra. <strong>\u00bfCu\u00e1l es la tendencia que acaba primando en nosotros?<\/strong>, \u00bfaumentar la implicaci\u00f3n social o responder con un paso atr\u00e1s cuando alguien o un grupo social nos pide colaboraci\u00f3n?.<\/p>\n<p>En uno de los pasajes de este libro el autor hace referencia a que en la edad media no exist\u00edan las habitaciones individuales, los hijos de los nobles compart\u00edan estancias con el resto de j\u00f3venes y compara este hecho con la disposici\u00f3n actual a habitar casas con la cantidad de habitaciones suficientes como para que cada miembro de la familia pueda disfrutar de su intimidad.<\/p>\n<p>\u00bfTe imaginas convivir con tu familia o amigos en una casa sin habitaciones individuales?.<br \/>Pues yo he intentado imagin\u00e1rmelo y no he sido capaz de verlo claro. Soy una persona extrovertida, me gusta pasar tiempo con gente, preferiblemente con gente que me gusta, por mi profesi\u00f3n paso mucho tiempo en contacto con otros y me encanta, pero cuando tengo la oportunidad busco mi soledad, que tambi\u00e9n disfruto de ella, ese tiempo a solas me da la oportunidad de recargarme.<br \/>\u00bfNecesito realmente aislarme para recuperar energ\u00edas?, \u00bfesta necesidad est\u00e1 ligada a mi personalidad o mis experiencias vitales, mi cultura o el entorno en el que me he desarrollado me han \u201checho\u201d as\u00ed?.<br \/>Sigo reflexionando sobre s\u00ed esa necesidad m\u00eda de tener que reponer energ\u00edas en soledad es propia de una cultura individualista o consecuencia de la cultura colectiva en la que habito, o tal vez es una cultura individualista disfrazada de colectiva. Lo que si tengo claro es que <strong>somos seres sociales, con necesidades sociales<\/strong>, solo podemos llegar a un desarrollo pleno de nuestras capacidades con la presencia de los otros, nos complementan.<br \/>La falta de afecto, la falta de compromiso y la sensaci\u00f3n de sentirte solo ante la adversidad provocan muchas enfermedades que achacamos a otras cuestiones m\u00e1s aceptadas socialmente. No solo la baja autoestima, los miedos al fracaso o la dificultad a la hora de tomar decisiones son consecuencia de una escasa o mal entendida vida social sino que los desordenes alimenticios, la depresi\u00f3n, el estr\u00e9s y los trastornos digestivos tambi\u00e9n vienen marcados por la necesidad de un contacto de calidad con los que nos rodean.<\/p>\n<p>[\/et_pb_text][\/et_pb_column][\/et_pb_row][et_pb_row custom_padding_last_edited=&#8220;on|phone&#8220; _builder_version=&#8220;4.9.3&#8243; _module_preset=&#8220;default&#8220; custom_margin=&#8220;||||false|false&#8220; custom_padding=&#8220;10px||||false|false&#8220; custom_padding_tablet=&#8220;&#8220; custom_padding_phone=&#8220;&#8220; animation_style=&#8220;fade&#8220; animation_delay=&#8220;200ms&#8220; locked=&#8220;off&#8220;][et_pb_column type=&#8220;4_4&#8243; admin_label=&#8220;REFLEXI\u00d3N&#8220; _builder_version=&#8220;4.9.3&#8243; _module_preset=&#8220;default&#8220;][et_pb_text _builder_version=&#8220;4.9.3&#8243; _module_preset=&#8220;default&#8220; header_5_font=&#8220;Varela Round||||||||&#8220; header_5_text_align=&#8220;center&#8220; header_5_text_color=&#8220;#183029&#8243; background_enable_color=&#8220;off&#8220; max_width=&#8220;650px&#8220; module_alignment=&#8220;right&#8220; custom_padding=&#8220;10px|10px|10px|10px|true|true&#8220; hover_enabled=&#8220;0&#8243; header_5_font_size_tablet=&#8220;16px&#8220; header_5_font_size_phone=&#8220;15px&#8220; header_5_font_size_last_edited=&#8220;on|desktop&#8220; border_width_bottom=&#8220;5px&#8220; border_color_bottom=&#8220;#FFFF00&#8243; sticky_enabled=&#8220;0&#8243;]<\/p>\n<h5>\u00bfCu\u00e1ndo fue la \u00faltima vez que sentiste un abrazo?<\/h5>\n<p>[\/et_pb_text][\/et_pb_column][\/et_pb_row][\/et_pb_section][et_pb_section fb_built=&#8220;1&#8243; disabled_on=&#8220;on|on|on&#8220; _builder_version=&#8220;4.9.3&#8243; _module_preset=&#8220;default&#8220; background_image=&#8220;https:\/\/thinkinginyellow.com\/wp-content\/uploads\/2021\/04\/patron_verde-30.png&#8220; background_size=&#8220;initial&#8220; custom_margin=&#8220;||50px||false|false&#8220; custom_margin_tablet=&#8220;&#8220; custom_margin_phone=&#8220;&#8220; custom_margin_last_edited=&#8220;on|phone&#8220; custom_padding=&#8220;50px|50px|50px|50px|true|true&#8220; disabled=&#8220;on&#8220; locked=&#8220;off&#8220;][et_pb_row custom_padding_last_edited=&#8220;on|phone&#8220; _builder_version=&#8220;4.9.3&#8243; _module_preset=&#8220;default&#8220; background_color=&#8220;#FFFFFF&#8220; width=&#8220;85%&#8220; width_tablet=&#8220;&#8220; width_phone=&#8220;&#8220; width_last_edited=&#8220;on|desktop&#8220; custom_padding=&#8220;50px||50px||true|false&#8220; custom_padding_tablet=&#8220;&#8220; custom_padding_phone=&#8220;20px||20px||true|true&#8220;][et_pb_column type=&#8220;4_4&#8243; admin_label=&#8220;Suscripci\u00f3n&#8220; _builder_version=&#8220;4.9.3&#8243; _module_preset=&#8220;default&#8220;][et_pb_text _builder_version=&#8220;4.9.3&#8243; text_font=&#8220;||||||||&#8220; text_font_size=&#8220;18px&#8220; text_line_height=&#8220;2.2em&#8220; header_font=&#8220;||||||||&#8220; header_text_align=&#8220;center&#8220; header_2_font=&#8220;||||||||&#8220; header_2_text_color=&#8220;#94A596&#8243; width=&#8220;75%&#8220; module_alignment=&#8220;center&#8220; custom_margin=&#8220;||50px||false|false&#8220; custom_margin_tablet=&#8220;&#8220; custom_margin_phone=&#8220;||20px||false|false&#8220; custom_margin_last_edited=&#8220;on|desktop&#8220; animation_direction=&#8220;left&#8220; text_font_size_tablet=&#8220;&#8220; text_font_size_phone=&#8220;14px&#8220; text_font_size_last_edited=&#8220;on|phone&#8220; header_2_font_size_tablet=&#8220;35px&#8220; header_2_font_size_phone=&#8220;25px&#8220; header_2_font_size_last_edited=&#8220;on|desktop&#8220; border_width_bottom=&#8220;5px&#8220; border_color_bottom=&#8220;#FFFF00&#8243; locked=&#8220;off&#8220; header_3_font_size__hover=&#8220;22px&#8220; header_3_font_size__hover_enabled=&#8220;22px&#8220; header_3_letter_spacing__hover=&#8220;0px&#8220; header_3_letter_spacing__hover_enabled=&#8220;0px&#8220; header_3_line_height__hover=&#8220;1em&#8220; header_3_line_height__hover_enabled=&#8220;1em&#8220; header_3_text_shadow_style__hover=&#8220;none&#8220; header_3_text_shadow_style__hover_enabled=&#8220;none&#8220; header_3_text_shadow_color__hover=&#8220;rgba(0,0,0,0.4)&#8220; header_3_text_shadow_color__hover_enabled=&#8220;rgba(0,0,0,0.4)&#8220;]<\/p>\n<h1 class=\"p1\"><span class=\"s1\">Suscr\u00edbete a La Guarida<\/span><\/h1>\n<p>[\/et_pb_text][et_pb_text _builder_version=&#8220;4.9.3&#8243; _module_preset=&#8220;default&#8220; text_orientation=&#8220;center&#8220; width=&#8220;80%&#8220; module_alignment=&#8220;center&#8220; custom_margin=&#8220;||15px||false|false&#8220;]<\/p>\n<p>\u00a1Suscr\u00edbete al bolet\u00edn de noticias de <span style=\"color: #94a596;\"><strong>La Guarida<\/strong><\/span> para enterarte de todas las novedades!<\/p>\n<p>[\/et_pb_text][et_pb_signup name_field=&#8220;on&#8220; button_text=&#8220;Suscribirme&#8220; _builder_version=&#8220;4.9.3&#8243; _module_preset=&#8220;default&#8220; form_field_background_color=&#8220;rgba(255,255,0,0.21)&#8220; form_field_text_color=&#8220;#183029&#8243; result_message_text_color=&#8220;#94A596&#8243; form_field_font=&#8220;||||||||&#8220; form_field_font_size=&#8220;16px&#8220; form_field_line_height=&#8220;2em&#8220; background_enable_color=&#8220;off&#8220; custom_button=&#8220;on&#8220; button_custom_margin=&#8220;15px||||false|false&#8220; button_custom_padding=&#8220;||15px||false|false&#8220; width=&#8220;80%&#8220; width_tablet=&#8220;&#8220; width_phone=&#8220;100%&#8220; width_last_edited=&#8220;on|desktop&#8220; module_alignment=&#8220;center&#8220; animation_style=&#8220;fade&#8220; animation_delay=&#8220;200ms&#8220; form_field_font_size_tablet=&#8220;&#8220; form_field_font_size_phone=&#8220;14px&#8220; form_field_font_size_last_edited=&#8220;on|phone&#8220; button_text_size_tablet=&#8220;12px&#8220; button_text_size_phone=&#8220;&#8220; button_text_size_last_edited=&#8220;on|phone&#8220; box_shadow_style_button=&#8220;preset4&#8243; box_shadow_horizontal_button=&#8220;0px&#8220; box_shadow_vertical_button=&#8220;5px&#8220; box_shadow_color_button=&#8220;#FFFF00&#8243;][\/et_pb_signup][\/et_pb_column][\/et_pb_row][\/et_pb_section]<\/p>\n","protected":false},"excerpt":{"rendered":"<p>\u00bfCu\u00e1nto de sociales hemos perdido por el camino? Leyendo el libro Sapiens, de Yuval Noah Harari, me he encontrado con algunos pasajes que me han hecho reflexionar sobre cu\u00e1nto de seres sociales hemos perdido por el camino. Por el camino de la historia y por nuestro propio camino personal. Siempre ha habido culturas m\u00e1s individualistas [&hellip;]<\/p>\n","protected":false},"author":1,"featured_media":379,"comment_status":"closed","ping_status":"closed","sticky":false,"template":"","format":"standard","meta":{"_et_pb_use_builder":"on","_et_pb_old_content":"","_et_gb_content_width":""},"categories":[5],"tags":[],"yoast_head":"<!-- This site is optimized with the Yoast SEO plugin v17.5 - https:\/\/yoast.com\/wordpress\/plugins\/seo\/ -->\n<title>\u00bfCu\u00e1nto de sociales hemos perdido por el camino? - Thinking in yellow<\/title>\n<meta name=\"description\" content=\"Siempre ha habido culturas m\u00e1s individualistas y culturas m\u00e1s colectivas, \u00bfpero en qu\u00e9 momento hist\u00f3rico cultural estamos ahora?.\" \/>\n<meta name=\"robots\" content=\"index, follow, max-snippet:-1, max-image-preview:large, max-video-preview:-1\" \/>\n<link rel=\"canonical\" href=\"https:\/\/thinkinginyellow.com\/de\/cuanto-de-sociales\/\" \/>\n<meta property=\"og:locale\" content=\"de_DE\" \/>\n<meta property=\"og:type\" content=\"article\" \/>\n<meta property=\"og:title\" content=\"\u00bfCu\u00e1nto de sociales hemos perdido por el camino? - Thinking in yellow\" \/>\n<meta property=\"og:description\" content=\"Siempre ha habido culturas m\u00e1s individualistas y culturas m\u00e1s colectivas, \u00bfpero en qu\u00e9 momento hist\u00f3rico cultural estamos ahora?.\" \/>\n<meta property=\"og:url\" content=\"https:\/\/thinkinginyellow.com\/de\/cuanto-de-sociales\/\" \/>\n<meta property=\"og:site_name\" content=\"Thinking in yellow\" \/>\n<meta property=\"article:published_time\" content=\"2021-04-27T07:22:51+00:00\" \/>\n<meta property=\"article:modified_time\" content=\"2021-05-19T15:48:18+00:00\" \/>\n<meta property=\"og:image\" content=\"https:\/\/thinkinginyellow.com\/wp-content\/uploads\/2021\/04\/cuanto-de-sociales.jpg\" \/>\n\t<meta property=\"og:image:width\" content=\"696\" \/>\n\t<meta property=\"og:image:height\" content=\"464\" \/>\n<meta name=\"twitter:card\" content=\"summary_large_image\" \/>\n<meta name=\"twitter:label1\" content=\"Verfasst von\" \/>\n\t<meta name=\"twitter:data1\" content=\"admin\" \/>\n<script type=\"application\/ld+json\" class=\"yoast-schema-graph\">{\"@context\":\"https:\/\/schema.org\",\"@graph\":[{\"@type\":\"WebSite\",\"@id\":\"https:\/\/thinkinginyellow.com\/#website\",\"url\":\"https:\/\/thinkinginyellow.com\/\",\"name\":\"Thinking in yellow\",\"description\":\"Simplify your life - Psic\\u00f3loga espa\\u00f1ola en M\\u00fanich para expatriados\",\"potentialAction\":[{\"@type\":\"SearchAction\",\"target\":{\"@type\":\"EntryPoint\",\"urlTemplate\":\"https:\/\/thinkinginyellow.com\/?s={search_term_string}\"},\"query-input\":\"required name=search_term_string\"}],\"inLanguage\":\"de\"},{\"@type\":\"ImageObject\",\"@id\":\"https:\/\/thinkinginyellow.com\/de\/cuanto-de-sociales\/#primaryimage\",\"inLanguage\":\"de\",\"url\":\"https:\/\/thinkinginyellow.com\/wp-content\/uploads\/2021\/04\/cuanto-de-sociales.jpg\",\"contentUrl\":\"https:\/\/thinkinginyellow.com\/wp-content\/uploads\/2021\/04\/cuanto-de-sociales.jpg\",\"width\":696,\"height\":464},{\"@type\":\"WebPage\",\"@id\":\"https:\/\/thinkinginyellow.com\/de\/cuanto-de-sociales\/#webpage\",\"url\":\"https:\/\/thinkinginyellow.com\/de\/cuanto-de-sociales\/\",\"name\":\"\\u00bfCu\\u00e1nto de sociales hemos perdido por el camino? - Thinking in yellow\",\"isPartOf\":{\"@id\":\"https:\/\/thinkinginyellow.com\/#website\"},\"primaryImageOfPage\":{\"@id\":\"https:\/\/thinkinginyellow.com\/de\/cuanto-de-sociales\/#primaryimage\"},\"datePublished\":\"2021-04-27T07:22:51+00:00\",\"dateModified\":\"2021-05-19T15:48:18+00:00\",\"author\":{\"@id\":\"https:\/\/thinkinginyellow.com\/#\/schema\/person\/1176485c96431fc47c4cdedf7c16ad4e\"},\"description\":\"Siempre ha habido culturas m\\u00e1s individualistas y culturas m\\u00e1s colectivas, \\u00bfpero en qu\\u00e9 momento hist\\u00f3rico cultural estamos ahora?.\",\"breadcrumb\":{\"@id\":\"https:\/\/thinkinginyellow.com\/de\/cuanto-de-sociales\/#breadcrumb\"},\"inLanguage\":\"de\",\"potentialAction\":[{\"@type\":\"ReadAction\",\"target\":[\"https:\/\/thinkinginyellow.com\/de\/cuanto-de-sociales\/\"]}]},{\"@type\":\"BreadcrumbList\",\"@id\":\"https:\/\/thinkinginyellow.com\/de\/cuanto-de-sociales\/#breadcrumb\",\"itemListElement\":[{\"@type\":\"ListItem\",\"position\":1,\"name\":\"Portada\",\"item\":\"https:\/\/thinkinginyellow.com\/de\/\"},{\"@type\":\"ListItem\",\"position\":2,\"name\":\"\\u00bfCu\\u00e1nto de sociales hemos perdido por el camino?\"}]},{\"@type\":\"Person\",\"@id\":\"https:\/\/thinkinginyellow.com\/#\/schema\/person\/1176485c96431fc47c4cdedf7c16ad4e\",\"name\":\"admin\",\"image\":{\"@type\":\"ImageObject\",\"@id\":\"https:\/\/thinkinginyellow.com\/#personlogo\",\"inLanguage\":\"de\",\"url\":\"https:\/\/secure.gravatar.com\/avatar\/acebaa4d8f696523b9ae5db676fe2f61?s=96&d=mm&r=g\",\"contentUrl\":\"https:\/\/secure.gravatar.com\/avatar\/acebaa4d8f696523b9ae5db676fe2f61?s=96&d=mm&r=g\",\"caption\":\"admin\"},\"sameAs\":[\"https:\/\/thinkinginyellow.com\"],\"url\":\"https:\/\/thinkinginyellow.com\/de\/author\/thinking\/\"}]}<\/script>\n<!-- \/ Yoast SEO plugin. -->","yoast_head_json":{"title":"\u00bfCu\u00e1nto de sociales hemos perdido por el camino? - Thinking in yellow","description":"Siempre ha habido culturas m\u00e1s individualistas y culturas m\u00e1s colectivas, \u00bfpero en qu\u00e9 momento hist\u00f3rico cultural estamos ahora?.","robots":{"index":"index","follow":"follow","max-snippet":"max-snippet:-1","max-image-preview":"max-image-preview:large","max-video-preview":"max-video-preview:-1"},"canonical":"https:\/\/thinkinginyellow.com\/de\/cuanto-de-sociales\/","og_locale":"de_DE","og_type":"article","og_title":"\u00bfCu\u00e1nto de sociales hemos perdido por el camino? - Thinking in yellow","og_description":"Siempre ha habido culturas m\u00e1s individualistas y culturas m\u00e1s colectivas, \u00bfpero en qu\u00e9 momento hist\u00f3rico cultural estamos ahora?.","og_url":"https:\/\/thinkinginyellow.com\/de\/cuanto-de-sociales\/","og_site_name":"Thinking in yellow","article_published_time":"2021-04-27T07:22:51+00:00","article_modified_time":"2021-05-19T15:48:18+00:00","og_image":[{"width":696,"height":464,"url":"https:\/\/thinkinginyellow.com\/wp-content\/uploads\/2021\/04\/cuanto-de-sociales.jpg","type":"image\/jpeg"}],"twitter_card":"summary_large_image","twitter_misc":{"Verfasst von":"admin"},"schema":{"@context":"https:\/\/schema.org","@graph":[{"@type":"WebSite","@id":"https:\/\/thinkinginyellow.com\/#website","url":"https:\/\/thinkinginyellow.com\/","name":"Thinking in yellow","description":"Simplify your life - Psic\u00f3loga espa\u00f1ola en M\u00fanich para expatriados","potentialAction":[{"@type":"SearchAction","target":{"@type":"EntryPoint","urlTemplate":"https:\/\/thinkinginyellow.com\/?s={search_term_string}"},"query-input":"required name=search_term_string"}],"inLanguage":"de"},{"@type":"ImageObject","@id":"https:\/\/thinkinginyellow.com\/de\/cuanto-de-sociales\/#primaryimage","inLanguage":"de","url":"https:\/\/thinkinginyellow.com\/wp-content\/uploads\/2021\/04\/cuanto-de-sociales.jpg","contentUrl":"https:\/\/thinkinginyellow.com\/wp-content\/uploads\/2021\/04\/cuanto-de-sociales.jpg","width":696,"height":464},{"@type":"WebPage","@id":"https:\/\/thinkinginyellow.com\/de\/cuanto-de-sociales\/#webpage","url":"https:\/\/thinkinginyellow.com\/de\/cuanto-de-sociales\/","name":"\u00bfCu\u00e1nto de sociales hemos perdido por el camino? - Thinking in yellow","isPartOf":{"@id":"https:\/\/thinkinginyellow.com\/#website"},"primaryImageOfPage":{"@id":"https:\/\/thinkinginyellow.com\/de\/cuanto-de-sociales\/#primaryimage"},"datePublished":"2021-04-27T07:22:51+00:00","dateModified":"2021-05-19T15:48:18+00:00","author":{"@id":"https:\/\/thinkinginyellow.com\/#\/schema\/person\/1176485c96431fc47c4cdedf7c16ad4e"},"description":"Siempre ha habido culturas m\u00e1s individualistas y culturas m\u00e1s colectivas, \u00bfpero en qu\u00e9 momento hist\u00f3rico cultural estamos ahora?.","breadcrumb":{"@id":"https:\/\/thinkinginyellow.com\/de\/cuanto-de-sociales\/#breadcrumb"},"inLanguage":"de","potentialAction":[{"@type":"ReadAction","target":["https:\/\/thinkinginyellow.com\/de\/cuanto-de-sociales\/"]}]},{"@type":"BreadcrumbList","@id":"https:\/\/thinkinginyellow.com\/de\/cuanto-de-sociales\/#breadcrumb","itemListElement":[{"@type":"ListItem","position":1,"name":"Portada","item":"https:\/\/thinkinginyellow.com\/de\/"},{"@type":"ListItem","position":2,"name":"\u00bfCu\u00e1nto de sociales hemos perdido por el camino?"}]},{"@type":"Person","@id":"https:\/\/thinkinginyellow.com\/#\/schema\/person\/1176485c96431fc47c4cdedf7c16ad4e","name":"admin","image":{"@type":"ImageObject","@id":"https:\/\/thinkinginyellow.com\/#personlogo","inLanguage":"de","url":"https:\/\/secure.gravatar.com\/avatar\/acebaa4d8f696523b9ae5db676fe2f61?s=96&d=mm&r=g","contentUrl":"https:\/\/secure.gravatar.com\/avatar\/acebaa4d8f696523b9ae5db676fe2f61?s=96&d=mm&r=g","caption":"admin"},"sameAs":["https:\/\/thinkinginyellow.com"],"url":"https:\/\/thinkinginyellow.com\/de\/author\/thinking\/"}]}},"jetpack_featured_media_url":"https:\/\/thinkinginyellow.com\/wp-content\/uploads\/2021\/04\/cuanto-de-sociales.jpg","uagb_featured_image_src":{"full":["https:\/\/thinkinginyellow.com\/wp-content\/uploads\/2021\/04\/cuanto-de-sociales.jpg",696,464,false],"thumbnail":["https:\/\/thinkinginyellow.com\/wp-content\/uploads\/2021\/04\/cuanto-de-sociales-150x150.jpg",150,150,true],"medium":["https:\/\/thinkinginyellow.com\/wp-content\/uploads\/2021\/04\/cuanto-de-sociales-300x200.jpg",300,200,true],"medium_large":["https:\/\/thinkinginyellow.com\/wp-content\/uploads\/2021\/04\/cuanto-de-sociales.jpg",696,464,false],"large":["https:\/\/thinkinginyellow.com\/wp-content\/uploads\/2021\/04\/cuanto-de-sociales.jpg",696,464,false],"1536x1536":["https:\/\/thinkinginyellow.com\/wp-content\/uploads\/2021\/04\/cuanto-de-sociales.jpg",696,464,false],"2048x2048":["https:\/\/thinkinginyellow.com\/wp-content\/uploads\/2021\/04\/cuanto-de-sociales.jpg",696,464,false],"et-pb-post-main-image":["https:\/\/thinkinginyellow.com\/wp-content\/uploads\/2021\/04\/cuanto-de-sociales-400x250.jpg",400,250,true],"et-pb-post-main-image-fullwidth":["https:\/\/thinkinginyellow.com\/wp-content\/uploads\/2021\/04\/cuanto-de-sociales.jpg",696,464,false],"et-pb-portfolio-image":["https:\/\/thinkinginyellow.com\/wp-content\/uploads\/2021\/04\/cuanto-de-sociales-400x284.jpg",400,284,true],"et-pb-portfolio-module-image":["https:\/\/thinkinginyellow.com\/wp-content\/uploads\/2021\/04\/cuanto-de-sociales-510x382.jpg",510,382,true],"et-pb-portfolio-image-single":["https:\/\/thinkinginyellow.com\/wp-content\/uploads\/2021\/04\/cuanto-de-sociales.jpg",696,464,false],"et-pb-gallery-module-image-portrait":["https:\/\/thinkinginyellow.com\/wp-content\/uploads\/2021\/04\/cuanto-de-sociales-400x464.jpg",400,464,true],"et-pb-post-main-image-fullwidth-large":["https:\/\/thinkinginyellow.com\/wp-content\/uploads\/2021\/04\/cuanto-de-sociales.jpg",696,464,false],"et-pb-image--responsive--desktop":["https:\/\/thinkinginyellow.com\/wp-content\/uploads\/2021\/04\/cuanto-de-sociales.jpg",696,464,false],"et-pb-image--responsive--tablet":["https:\/\/thinkinginyellow.com\/wp-content\/uploads\/2021\/04\/cuanto-de-sociales.jpg",696,464,false],"et-pb-image--responsive--phone":["https:\/\/thinkinginyellow.com\/wp-content\/uploads\/2021\/04\/cuanto-de-sociales-480x320.jpg",405,270,true]},"uagb_author_info":{"display_name":"admin","author_link":"https:\/\/thinkinginyellow.com\/de\/author\/thinking\/"},"uagb_comment_info":0,"uagb_excerpt":"\u00bfCu\u00e1nto de sociales hemos perdido por el camino? Leyendo el libro Sapiens, de Yuval Noah Harari, me he encontrado con algunos pasajes que me han hecho reflexionar sobre cu\u00e1nto de seres sociales hemos perdido por el camino. Por el camino de la historia y por nuestro propio camino personal. Siempre ha habido culturas m\u00e1s individualistas&hellip;","_links":{"self":[{"href":"https:\/\/thinkinginyellow.com\/de\/wp-json\/wp\/v2\/posts\/378"}],"collection":[{"href":"https:\/\/thinkinginyellow.com\/de\/wp-json\/wp\/v2\/posts"}],"about":[{"href":"https:\/\/thinkinginyellow.com\/de\/wp-json\/wp\/v2\/types\/post"}],"author":[{"embeddable":true,"href":"https:\/\/thinkinginyellow.com\/de\/wp-json\/wp\/v2\/users\/1"}],"replies":[{"embeddable":true,"href":"https:\/\/thinkinginyellow.com\/de\/wp-json\/wp\/v2\/comments?post=378"}],"version-history":[{"count":3,"href":"https:\/\/thinkinginyellow.com\/de\/wp-json\/wp\/v2\/posts\/378\/revisions"}],"predecessor-version":[{"id":394,"href":"https:\/\/thinkinginyellow.com\/de\/wp-json\/wp\/v2\/posts\/378\/revisions\/394"}],"wp:featuredmedia":[{"embeddable":true,"href":"https:\/\/thinkinginyellow.com\/de\/wp-json\/wp\/v2\/media\/379"}],"wp:attachment":[{"href":"https:\/\/thinkinginyellow.com\/de\/wp-json\/wp\/v2\/media?parent=378"}],"wp:term":[{"taxonomy":"category","embeddable":true,"href":"https:\/\/thinkinginyellow.com\/de\/wp-json\/wp\/v2\/categories?post=378"},{"taxonomy":"post_tag","embeddable":true,"href":"https:\/\/thinkinginyellow.com\/de\/wp-json\/wp\/v2\/tags?post=378"}],"curies":[{"name":"wp","href":"https:\/\/api.w.org\/{rel}","templated":true}]}}