{"id":253,"date":"2021-04-14T09:35:13","date_gmt":"2021-04-14T09:35:13","guid":{"rendered":"https:\/\/thinkinginyellow.com\/?p=253"},"modified":"2021-04-16T16:35:55","modified_gmt":"2021-04-16T16:35:55","slug":"expat","status":"publish","type":"post","link":"https:\/\/thinkinginyellow.com\/en\/expat\/","title":{"rendered":"Expat: \u00bfY t\u00fa de qui\u00e9n eres?"},"content":{"rendered":"<p>[et_pb_section fb_built=&#8221;1&#8243; _builder_version=&#8221;4.9.3&#8243; _module_preset=&#8221;default&#8221; custom_margin=&#8221;5px||5px||true|false&#8221;][et_pb_row _builder_version=&#8221;4.9.3&#8243; _module_preset=&#8221;default&#8221; custom_margin=&#8221;||||false|false&#8221; custom_padding=&#8221;0px||||false|false&#8221; animation_style=&#8221;fade&#8221; animation_delay=&#8221;200ms&#8221;][et_pb_column type=&#8221;4_4&#8243; admin_label=&#8221;T\u00cdTULO&#8221; _builder_version=&#8221;4.9.3&#8243; _module_preset=&#8221;default&#8221;][et_pb_text _builder_version=&#8221;4.9.3&#8243; _module_preset=&#8221;default&#8221; header_5_font=&#8221;Varela Round||||||||&#8221; header_5_text_color=&#8221;#183029&#8243; header_5_font_size_tablet=&#8221;16px&#8221; header_5_font_size_phone=&#8221;15px&#8221; header_5_font_size_last_edited=&#8221;on|desktop&#8221;]<\/p>\n<h5>Expat: \u00bfY t\u00fa de qui\u00e9n eres?<\/h5>\n<p>[\/et_pb_text][\/et_pb_column][\/et_pb_row][et_pb_row custom_padding_last_edited=&#8221;on|phone&#8221; _builder_version=&#8221;4.9.3&#8243; _module_preset=&#8221;default&#8221; custom_padding=&#8221;0px||||false|false&#8221; custom_padding_tablet=&#8221;&#8221; custom_padding_phone=&#8221;&#8221;][et_pb_column type=&#8221;4_4&#8243; admin_label=&#8221;Texto&#8221; _builder_version=&#8221;4.9.3&#8243; _module_preset=&#8221;default&#8221;][et_pb_text _builder_version=&#8221;4.9.3&#8243; _module_preset=&#8221;default&#8221;]<\/p>\n<p><strong>La raz\u00f3n que te llev\u00f3 a emigrar si importa<\/strong>, esta determinar\u00e1 la imagen que crear\u00e1s de la cultura y del pa\u00eds de acogida. Las primeras semanas, meses, te permitir\u00e1n conocer el ritmo y las peculiaridades locales que tal vez se conviertan en tu nuevo d\u00eda a d\u00eda.<br \/>Integrarse implica encontrar el equilibrio entre lo que somos y las caracter\u00edsticas propias del nuevo entorno en el que nos movemos. Si la balanza se inclina demasiado hacia uno de los extremos se crear\u00e1 una distorsi\u00f3n que llevar\u00e1 a poner en cuesti\u00f3n la percepci\u00f3n de la propia identidad.<\/p>\n<p><strong>Emigrar requiere exposici\u00f3n<\/strong>, flexibilidad, estar dispuesto a enfrentarse a uno mismo, a los propios limites, barreras, miedos. A buscar entre los recursos que cada uno posee y a estar dispuesto a crear otros nuevos. Cuanto m\u00e1s \u00f3ptimo sea ese primer periodo de adaptaci\u00f3n, m\u00e1s exitosa y menos desgastante ser\u00e1 la experiencia.<\/p>\n<p>Con el paso de los meses y los a\u00f1os <strong>se crear\u00e1 una nueva rutina, un \u201cnuevo yo\u201d<\/strong>, no solo mejorar\u00e1n las habilidades ling\u00fc\u00edsticas sino que se interiorizan las costumbres y din\u00e1micas del nuevo hogar. Algunas te gustar\u00e1n y las har\u00e1s tuyas, otras te resultar\u00e1n m\u00e1s dif\u00edciles de manejar y te resistir\u00e1s a ellas, que no tiene porque ser malo, en tu cultura de origen seguro que hay algo que tampoco va contigo, pero c\u00f3mo asimilas esos inconvenientes puede ser determinante en tu proceso de adaptaci\u00f3n.<\/p>\n<p>A medida que pasa el tiempo esas nuevas habilidades, impuestas por el entorno en el que continuas desarroll\u00e1ndote, pasan a formar parte de tu repertorio habitual de respuestas, es cuesti\u00f3n de supervivencia, <strong>hay que adaptarse al medio<\/strong>. Por supuesto que este esfuerzo crea tensiones, inseguridades, ansiedad, miedos y tendr\u00e1s que trabajarlos. Probablemente no funcionen tus viejas t\u00e9cnicas solucionadoras de problemas, por lo que deber\u00e1s trabajar los nuevos contratiempos teniendo en cuenta el contexto en el que est\u00e1s y los intereses de tu yo actual. Y aqu\u00ed es donde te preguntar\u00e1s, <em>\u00bfy qui\u00e9n soy yo?, \u00bfhe dejado de ser yo?, \u00bfhe perdido algo de m\u00ed en esta experiencia?, \u00bfme gusta en lo que me he convertido?<\/em>. Estas dudas sobre tu identidad, sobre tu sentido de pertenencia pueden llevar a revelarte contra tu nuevo hogar, contra su cultura y puede que en algunas cuestiones te lo hayan puesto dif\u00edcil pero esa no es la forma de afrontar los obst\u00e1culos. Date la oportunidad de descubrir que no hay un nuevo yo, que ese eres t\u00fa en una de tus muchas variantes, porque somos muy vers\u00e1tiles, porque tenemos una fuente ilimitada de recursos y si te escuchas, especialmente a tus emociones, se puede crear un nuevo escenario en el que sentirte m\u00e1s seguro de ti mismo.<\/p>\n<p>[\/et_pb_text][\/et_pb_column][\/et_pb_row][et_pb_row custom_padding_last_edited=&#8221;on|phone&#8221; _builder_version=&#8221;4.9.3&#8243; _module_preset=&#8221;default&#8221; custom_margin=&#8221;||||false|false&#8221; custom_padding=&#8221;10px||||false|false&#8221; custom_padding_tablet=&#8221;&#8221; custom_padding_phone=&#8221;&#8221; animation_style=&#8221;fade&#8221; animation_delay=&#8221;200ms&#8221; locked=&#8221;off&#8221;][et_pb_column type=&#8221;4_4&#8243; admin_label=&#8221;REFLEXI\u00d3N&#8221; _builder_version=&#8221;4.9.3&#8243; _module_preset=&#8221;default&#8221;][et_pb_text _builder_version=&#8221;4.9.3&#8243; _module_preset=&#8221;default&#8221; header_5_font=&#8221;Varela Round||||||||&#8221; header_5_text_align=&#8221;center&#8221; header_5_text_color=&#8221;#183029&#8243; max_width=&#8221;300px&#8221; module_alignment=&#8221;right&#8221; custom_padding=&#8221;10px|10px|10px|10px|true|true&#8221; hover_enabled=&#8221;0&#8243; header_5_font_size_tablet=&#8221;16px&#8221; header_5_font_size_phone=&#8221;15px&#8221; header_5_font_size_last_edited=&#8221;on|desktop&#8221; background_enable_color=&#8221;off&#8221; border_width_bottom=&#8221;5px&#8221; border_color_bottom=&#8221;#FFFF00&#8243; sticky_enabled=&#8221;0&#8243;]<\/p>\n<h5>Escucha, siente, crea.<\/h5>\n<p>[\/et_pb_text][\/et_pb_column][\/et_pb_row][\/et_pb_section][et_pb_section fb_built=&#8221;1&#8243; disabled_on=&#8221;on|on|on&#8221; _builder_version=&#8221;4.9.3&#8243; _module_preset=&#8221;default&#8221; background_image=&#8221;https:\/\/thinkinginyellow.com\/wp-content\/uploads\/2021\/04\/patron_verde-30.png&#8221; background_size=&#8221;initial&#8221; custom_margin=&#8221;||50px||false|false&#8221; custom_margin_tablet=&#8221;&#8221; custom_margin_phone=&#8221;&#8221; custom_margin_last_edited=&#8221;on|phone&#8221; custom_padding=&#8221;50px|50px|50px|50px|true|true&#8221; disabled=&#8221;on&#8221; locked=&#8221;off&#8221;][et_pb_row custom_padding_last_edited=&#8221;on|phone&#8221; _builder_version=&#8221;4.9.3&#8243; _module_preset=&#8221;default&#8221; background_color=&#8221;#FFFFFF&#8221; width=&#8221;85%&#8221; width_tablet=&#8221;&#8221; width_phone=&#8221;&#8221; width_last_edited=&#8221;on|desktop&#8221; custom_padding=&#8221;50px||50px||true|false&#8221; custom_padding_tablet=&#8221;&#8221; custom_padding_phone=&#8221;20px||20px||true|true&#8221;][et_pb_column type=&#8221;4_4&#8243; admin_label=&#8221;Suscripci\u00f3n&#8221; _builder_version=&#8221;4.9.3&#8243; _module_preset=&#8221;default&#8221;][et_pb_text _builder_version=&#8221;4.9.3&#8243; text_font=&#8221;||||||||&#8221; text_font_size=&#8221;18px&#8221; text_line_height=&#8221;2.2em&#8221; header_font=&#8221;||||||||&#8221; header_text_align=&#8221;center&#8221; header_2_font=&#8221;||||||||&#8221; header_2_text_color=&#8221;#94A596&#8243; width=&#8221;75%&#8221; module_alignment=&#8221;center&#8221; custom_margin=&#8221;||50px||false|false&#8221; custom_margin_tablet=&#8221;&#8221; custom_margin_phone=&#8221;||20px||false|false&#8221; custom_margin_last_edited=&#8221;on|desktop&#8221; animation_direction=&#8221;left&#8221; text_font_size_tablet=&#8221;&#8221; text_font_size_phone=&#8221;14px&#8221; text_font_size_last_edited=&#8221;on|phone&#8221; header_2_font_size_tablet=&#8221;35px&#8221; header_2_font_size_phone=&#8221;25px&#8221; header_2_font_size_last_edited=&#8221;on|desktop&#8221; border_width_bottom=&#8221;5px&#8221; border_color_bottom=&#8221;#FFFF00&#8243; locked=&#8221;off&#8221; header_3_font_size__hover=&#8221;22px&#8221; header_3_font_size__hover_enabled=&#8221;22px&#8221; header_3_letter_spacing__hover=&#8221;0px&#8221; header_3_letter_spacing__hover_enabled=&#8221;0px&#8221; header_3_line_height__hover=&#8221;1em&#8221; header_3_line_height__hover_enabled=&#8221;1em&#8221; header_3_text_shadow_style__hover=&#8221;none&#8221; header_3_text_shadow_style__hover_enabled=&#8221;none&#8221; header_3_text_shadow_color__hover=&#8221;rgba(0,0,0,0.4)&#8221; header_3_text_shadow_color__hover_enabled=&#8221;rgba(0,0,0,0.4)&#8221;]<\/p>\n<h1 class=\"p1\"><span class=\"s1\">Suscr\u00edbete a La Guarida<\/span><\/h1>\n<p>[\/et_pb_text][et_pb_text _builder_version=&#8221;4.9.3&#8243; _module_preset=&#8221;default&#8221; text_orientation=&#8221;center&#8221; width=&#8221;80%&#8221; module_alignment=&#8221;center&#8221; custom_margin=&#8221;||15px||false|false&#8221;]<\/p>\n<p>\u00a1Suscr\u00edbete al bolet\u00edn de noticias de <span style=\"color: #94a596;\"><strong>La Guarida<\/strong><\/span> para enterarte de todas las novedades!<\/p>\n<p>[\/et_pb_text][et_pb_signup name_field=&#8221;on&#8221; button_text=&#8221;Suscribirme&#8221; _builder_version=&#8221;4.9.3&#8243; _module_preset=&#8221;default&#8221; form_field_background_color=&#8221;rgba(255,255,0,0.21)&#8221; form_field_text_color=&#8221;#183029&#8243; result_message_text_color=&#8221;#94A596&#8243; form_field_font=&#8221;||||||||&#8221; form_field_font_size=&#8221;16px&#8221; form_field_line_height=&#8221;2em&#8221; background_enable_color=&#8221;off&#8221; custom_button=&#8221;on&#8221; button_custom_margin=&#8221;15px||||false|false&#8221; button_custom_padding=&#8221;||15px||false|false&#8221; width=&#8221;80%&#8221; width_tablet=&#8221;&#8221; width_phone=&#8221;100%&#8221; width_last_edited=&#8221;on|desktop&#8221; module_alignment=&#8221;center&#8221; animation_style=&#8221;fade&#8221; animation_delay=&#8221;200ms&#8221; form_field_font_size_tablet=&#8221;&#8221; form_field_font_size_phone=&#8221;14px&#8221; form_field_font_size_last_edited=&#8221;on|phone&#8221; button_text_size_tablet=&#8221;12px&#8221; button_text_size_phone=&#8221;&#8221; button_text_size_last_edited=&#8221;on|phone&#8221; box_shadow_style_button=&#8221;preset4&#8243; box_shadow_horizontal_button=&#8221;0px&#8221; box_shadow_vertical_button=&#8221;5px&#8221; box_shadow_color_button=&#8221;#FFFF00&#8243;][\/et_pb_signup][\/et_pb_column][\/et_pb_row][\/et_pb_section]<\/p>\n","protected":false},"excerpt":{"rendered":"<p>Expat: \u00bfY t\u00fa de qui\u00e9n eres? La raz\u00f3n que te llev\u00f3 a emigrar si importa, esta determinar\u00e1 la imagen que crear\u00e1s de la cultura y del pa\u00eds de acogida. Las primeras semanas, meses, te permitir\u00e1n conocer el ritmo y las peculiaridades locales que tal vez se conviertan en tu nuevo d\u00eda a d\u00eda.Integrarse implica encontrar [&hellip;]<\/p>\n","protected":false},"author":1,"featured_media":254,"comment_status":"closed","ping_status":"closed","sticky":false,"template":"","format":"standard","meta":{"_et_pb_use_builder":"on","_et_pb_old_content":"","_et_gb_content_width":"793"},"categories":[4],"tags":[],"yoast_head":"<!-- This site is optimized with the Yoast SEO plugin v17.5 - https:\/\/yoast.com\/wordpress\/plugins\/seo\/ -->\n<title>Expat: \u00bfY t\u00fa de qui\u00e9n eres? - Thinking in yellow<\/title>\n<meta name=\"description\" content=\"La raz\u00f3n que te llev\u00f3 a emigrar s\u00ed importa, esta determinar\u00e1 la imagen que crear\u00e1s de la cultura y del pa\u00eds de acogida.\" \/>\n<meta name=\"robots\" content=\"index, follow, max-snippet:-1, max-image-preview:large, max-video-preview:-1\" \/>\n<link rel=\"canonical\" href=\"https:\/\/thinkinginyellow.com\/en\/expat\/\" \/>\n<meta property=\"og:locale\" content=\"en_US\" \/>\n<meta property=\"og:type\" content=\"article\" \/>\n<meta property=\"og:title\" content=\"Expat: \u00bfY t\u00fa de qui\u00e9n eres? - Thinking in yellow\" \/>\n<meta property=\"og:description\" content=\"La raz\u00f3n que te llev\u00f3 a emigrar s\u00ed importa, esta determinar\u00e1 la imagen que crear\u00e1s de la cultura y del pa\u00eds de acogida.\" \/>\n<meta property=\"og:url\" content=\"https:\/\/thinkinginyellow.com\/en\/expat\/\" \/>\n<meta property=\"og:site_name\" content=\"Thinking in yellow\" \/>\n<meta property=\"article:published_time\" content=\"2021-04-14T09:35:13+00:00\" \/>\n<meta property=\"article:modified_time\" content=\"2021-04-16T16:35:55+00:00\" \/>\n<meta property=\"og:image\" content=\"https:\/\/thinkinginyellow.com\/wp-content\/uploads\/2021\/04\/expat-ytu.jpg\" \/>\n\t<meta property=\"og:image:width\" content=\"1244\" \/>\n\t<meta property=\"og:image:height\" content=\"829\" \/>\n<meta name=\"twitter:card\" content=\"summary_large_image\" \/>\n<meta name=\"twitter:label1\" content=\"Written by\" \/>\n\t<meta name=\"twitter:data1\" content=\"admin\" \/>\n\t<meta name=\"twitter:label2\" content=\"Est. reading time\" \/>\n\t<meta name=\"twitter:data2\" content=\"3 minutes\" \/>\n<script type=\"application\/ld+json\" class=\"yoast-schema-graph\">{\"@context\":\"https:\/\/schema.org\",\"@graph\":[{\"@type\":\"WebSite\",\"@id\":\"https:\/\/thinkinginyellow.com\/#website\",\"url\":\"https:\/\/thinkinginyellow.com\/\",\"name\":\"Thinking in yellow\",\"description\":\"Simplify your life - Psic\\u00f3loga espa\\u00f1ola en M\\u00fanich para expatriados\",\"potentialAction\":[{\"@type\":\"SearchAction\",\"target\":{\"@type\":\"EntryPoint\",\"urlTemplate\":\"https:\/\/thinkinginyellow.com\/?s={search_term_string}\"},\"query-input\":\"required name=search_term_string\"}],\"inLanguage\":\"en-US\"},{\"@type\":\"ImageObject\",\"@id\":\"https:\/\/thinkinginyellow.com\/en\/expat\/#primaryimage\",\"inLanguage\":\"en-US\",\"url\":\"https:\/\/thinkinginyellow.com\/wp-content\/uploads\/2021\/04\/expat-ytu.jpg\",\"contentUrl\":\"https:\/\/thinkinginyellow.com\/wp-content\/uploads\/2021\/04\/expat-ytu.jpg\",\"width\":1244,\"height\":829,\"caption\":\"Closeup passports on yellow baggage at train station\"},{\"@type\":\"WebPage\",\"@id\":\"https:\/\/thinkinginyellow.com\/en\/expat\/#webpage\",\"url\":\"https:\/\/thinkinginyellow.com\/en\/expat\/\",\"name\":\"Expat: \\u00bfY t\\u00fa de qui\\u00e9n eres? - Thinking in yellow\",\"isPartOf\":{\"@id\":\"https:\/\/thinkinginyellow.com\/#website\"},\"primaryImageOfPage\":{\"@id\":\"https:\/\/thinkinginyellow.com\/en\/expat\/#primaryimage\"},\"datePublished\":\"2021-04-14T09:35:13+00:00\",\"dateModified\":\"2021-04-16T16:35:55+00:00\",\"author\":{\"@id\":\"https:\/\/thinkinginyellow.com\/#\/schema\/person\/1176485c96431fc47c4cdedf7c16ad4e\"},\"description\":\"La raz\\u00f3n que te llev\\u00f3 a emigrar s\\u00ed importa, esta determinar\\u00e1 la imagen que crear\\u00e1s de la cultura y del pa\\u00eds de acogida.\",\"breadcrumb\":{\"@id\":\"https:\/\/thinkinginyellow.com\/en\/expat\/#breadcrumb\"},\"inLanguage\":\"en-US\",\"potentialAction\":[{\"@type\":\"ReadAction\",\"target\":[\"https:\/\/thinkinginyellow.com\/en\/expat\/\"]}]},{\"@type\":\"BreadcrumbList\",\"@id\":\"https:\/\/thinkinginyellow.com\/en\/expat\/#breadcrumb\",\"itemListElement\":[{\"@type\":\"ListItem\",\"position\":1,\"name\":\"Portada\",\"item\":\"https:\/\/thinkinginyellow.com\/en\/\"},{\"@type\":\"ListItem\",\"position\":2,\"name\":\"Expat: \\u00bfY t\\u00fa de qui\\u00e9n eres?\"}]},{\"@type\":\"Person\",\"@id\":\"https:\/\/thinkinginyellow.com\/#\/schema\/person\/1176485c96431fc47c4cdedf7c16ad4e\",\"name\":\"admin\",\"image\":{\"@type\":\"ImageObject\",\"@id\":\"https:\/\/thinkinginyellow.com\/#personlogo\",\"inLanguage\":\"en-US\",\"url\":\"https:\/\/secure.gravatar.com\/avatar\/acebaa4d8f696523b9ae5db676fe2f61?s=96&d=mm&r=g\",\"contentUrl\":\"https:\/\/secure.gravatar.com\/avatar\/acebaa4d8f696523b9ae5db676fe2f61?s=96&d=mm&r=g\",\"caption\":\"admin\"},\"sameAs\":[\"https:\/\/thinkinginyellow.com\"],\"url\":\"https:\/\/thinkinginyellow.com\/en\/author\/thinking\/\"}]}<\/script>\n<!-- \/ Yoast SEO plugin. -->","yoast_head_json":{"title":"Expat: \u00bfY t\u00fa de qui\u00e9n eres? - Thinking in yellow","description":"La raz\u00f3n que te llev\u00f3 a emigrar s\u00ed importa, esta determinar\u00e1 la imagen que crear\u00e1s de la cultura y del pa\u00eds de acogida.","robots":{"index":"index","follow":"follow","max-snippet":"max-snippet:-1","max-image-preview":"max-image-preview:large","max-video-preview":"max-video-preview:-1"},"canonical":"https:\/\/thinkinginyellow.com\/en\/expat\/","og_locale":"en_US","og_type":"article","og_title":"Expat: \u00bfY t\u00fa de qui\u00e9n eres? - Thinking in yellow","og_description":"La raz\u00f3n que te llev\u00f3 a emigrar s\u00ed importa, esta determinar\u00e1 la imagen que crear\u00e1s de la cultura y del pa\u00eds de acogida.","og_url":"https:\/\/thinkinginyellow.com\/en\/expat\/","og_site_name":"Thinking in yellow","article_published_time":"2021-04-14T09:35:13+00:00","article_modified_time":"2021-04-16T16:35:55+00:00","og_image":[{"width":1244,"height":829,"url":"https:\/\/thinkinginyellow.com\/wp-content\/uploads\/2021\/04\/expat-ytu.jpg","type":"image\/jpeg"}],"twitter_card":"summary_large_image","twitter_misc":{"Written by":"admin","Est. reading time":"3 minutes"},"schema":{"@context":"https:\/\/schema.org","@graph":[{"@type":"WebSite","@id":"https:\/\/thinkinginyellow.com\/#website","url":"https:\/\/thinkinginyellow.com\/","name":"Thinking in yellow","description":"Simplify your life - Psic\u00f3loga espa\u00f1ola en M\u00fanich para expatriados","potentialAction":[{"@type":"SearchAction","target":{"@type":"EntryPoint","urlTemplate":"https:\/\/thinkinginyellow.com\/?s={search_term_string}"},"query-input":"required name=search_term_string"}],"inLanguage":"en-US"},{"@type":"ImageObject","@id":"https:\/\/thinkinginyellow.com\/en\/expat\/#primaryimage","inLanguage":"en-US","url":"https:\/\/thinkinginyellow.com\/wp-content\/uploads\/2021\/04\/expat-ytu.jpg","contentUrl":"https:\/\/thinkinginyellow.com\/wp-content\/uploads\/2021\/04\/expat-ytu.jpg","width":1244,"height":829,"caption":"Closeup passports on yellow baggage at train station"},{"@type":"WebPage","@id":"https:\/\/thinkinginyellow.com\/en\/expat\/#webpage","url":"https:\/\/thinkinginyellow.com\/en\/expat\/","name":"Expat: \u00bfY t\u00fa de qui\u00e9n eres? - Thinking in yellow","isPartOf":{"@id":"https:\/\/thinkinginyellow.com\/#website"},"primaryImageOfPage":{"@id":"https:\/\/thinkinginyellow.com\/en\/expat\/#primaryimage"},"datePublished":"2021-04-14T09:35:13+00:00","dateModified":"2021-04-16T16:35:55+00:00","author":{"@id":"https:\/\/thinkinginyellow.com\/#\/schema\/person\/1176485c96431fc47c4cdedf7c16ad4e"},"description":"La raz\u00f3n que te llev\u00f3 a emigrar s\u00ed importa, esta determinar\u00e1 la imagen que crear\u00e1s de la cultura y del pa\u00eds de acogida.","breadcrumb":{"@id":"https:\/\/thinkinginyellow.com\/en\/expat\/#breadcrumb"},"inLanguage":"en-US","potentialAction":[{"@type":"ReadAction","target":["https:\/\/thinkinginyellow.com\/en\/expat\/"]}]},{"@type":"BreadcrumbList","@id":"https:\/\/thinkinginyellow.com\/en\/expat\/#breadcrumb","itemListElement":[{"@type":"ListItem","position":1,"name":"Portada","item":"https:\/\/thinkinginyellow.com\/en\/"},{"@type":"ListItem","position":2,"name":"Expat: \u00bfY t\u00fa de qui\u00e9n eres?"}]},{"@type":"Person","@id":"https:\/\/thinkinginyellow.com\/#\/schema\/person\/1176485c96431fc47c4cdedf7c16ad4e","name":"admin","image":{"@type":"ImageObject","@id":"https:\/\/thinkinginyellow.com\/#personlogo","inLanguage":"en-US","url":"https:\/\/secure.gravatar.com\/avatar\/acebaa4d8f696523b9ae5db676fe2f61?s=96&d=mm&r=g","contentUrl":"https:\/\/secure.gravatar.com\/avatar\/acebaa4d8f696523b9ae5db676fe2f61?s=96&d=mm&r=g","caption":"admin"},"sameAs":["https:\/\/thinkinginyellow.com"],"url":"https:\/\/thinkinginyellow.com\/en\/author\/thinking\/"}]}},"jetpack_featured_media_url":"https:\/\/thinkinginyellow.com\/wp-content\/uploads\/2021\/04\/expat-ytu.jpg","uagb_featured_image_src":{"full":["https:\/\/thinkinginyellow.com\/wp-content\/uploads\/2021\/04\/expat-ytu.jpg",1244,829,false],"thumbnail":["https:\/\/thinkinginyellow.com\/wp-content\/uploads\/2021\/04\/expat-ytu-150x150.jpg",150,150,true],"medium":["https:\/\/thinkinginyellow.com\/wp-content\/uploads\/2021\/04\/expat-ytu-300x200.jpg",300,200,true],"medium_large":["https:\/\/thinkinginyellow.com\/wp-content\/uploads\/2021\/04\/expat-ytu-768x512.jpg",768,512,true],"large":["https:\/\/thinkinginyellow.com\/wp-content\/uploads\/2021\/04\/expat-ytu-1024x682.jpg",1024,682,true],"1536x1536":["https:\/\/thinkinginyellow.com\/wp-content\/uploads\/2021\/04\/expat-ytu.jpg",1244,829,false],"2048x2048":["https:\/\/thinkinginyellow.com\/wp-content\/uploads\/2021\/04\/expat-ytu.jpg",1244,829,false],"et-pb-post-main-image":["https:\/\/thinkinginyellow.com\/wp-content\/uploads\/2021\/04\/expat-ytu-400x250.jpg",400,250,true],"et-pb-post-main-image-fullwidth":["https:\/\/thinkinginyellow.com\/wp-content\/uploads\/2021\/04\/expat-ytu-1080x675.jpg",1080,675,true],"et-pb-portfolio-image":["https:\/\/thinkinginyellow.com\/wp-content\/uploads\/2021\/04\/expat-ytu-400x284.jpg",400,284,true],"et-pb-portfolio-module-image":["https:\/\/thinkinginyellow.com\/wp-content\/uploads\/2021\/04\/expat-ytu-510x382.jpg",510,382,true],"et-pb-portfolio-image-single":["https:\/\/thinkinginyellow.com\/wp-content\/uploads\/2021\/04\/expat-ytu-1080x720.jpg",1080,720,true],"et-pb-gallery-module-image-portrait":["https:\/\/thinkinginyellow.com\/wp-content\/uploads\/2021\/04\/expat-ytu-400x516.jpg",400,516,true],"et-pb-post-main-image-fullwidth-large":["https:\/\/thinkinginyellow.com\/wp-content\/uploads\/2021\/04\/expat-ytu.jpg",1244,829,false],"et-pb-image--responsive--desktop":["https:\/\/thinkinginyellow.com\/wp-content\/uploads\/2021\/04\/expat-ytu.jpg",1080,720,false],"et-pb-image--responsive--tablet":["https:\/\/thinkinginyellow.com\/wp-content\/uploads\/2021\/04\/expat-ytu-980x653.jpg",827,551,true],"et-pb-image--responsive--phone":["https:\/\/thinkinginyellow.com\/wp-content\/uploads\/2021\/04\/expat-ytu-480x320.jpg",405,270,true]},"uagb_author_info":{"display_name":"admin","author_link":"https:\/\/thinkinginyellow.com\/en\/author\/thinking\/"},"uagb_comment_info":0,"uagb_excerpt":"Expat: \u00bfY t\u00fa de qui\u00e9n eres? La raz\u00f3n que te llev\u00f3 a emigrar si importa, esta determinar\u00e1 la imagen que crear\u00e1s de la cultura y del pa\u00eds de acogida. Las primeras semanas, meses, te permitir\u00e1n conocer el ritmo y las peculiaridades locales que tal vez se conviertan en tu nuevo d\u00eda a d\u00eda.Integrarse implica encontrar&hellip;","_links":{"self":[{"href":"https:\/\/thinkinginyellow.com\/en\/wp-json\/wp\/v2\/posts\/253"}],"collection":[{"href":"https:\/\/thinkinginyellow.com\/en\/wp-json\/wp\/v2\/posts"}],"about":[{"href":"https:\/\/thinkinginyellow.com\/en\/wp-json\/wp\/v2\/types\/post"}],"author":[{"embeddable":true,"href":"https:\/\/thinkinginyellow.com\/en\/wp-json\/wp\/v2\/users\/1"}],"replies":[{"embeddable":true,"href":"https:\/\/thinkinginyellow.com\/en\/wp-json\/wp\/v2\/comments?post=253"}],"version-history":[{"count":9,"href":"https:\/\/thinkinginyellow.com\/en\/wp-json\/wp\/v2\/posts\/253\/revisions"}],"predecessor-version":[{"id":333,"href":"https:\/\/thinkinginyellow.com\/en\/wp-json\/wp\/v2\/posts\/253\/revisions\/333"}],"wp:featuredmedia":[{"embeddable":true,"href":"https:\/\/thinkinginyellow.com\/en\/wp-json\/wp\/v2\/media\/254"}],"wp:attachment":[{"href":"https:\/\/thinkinginyellow.com\/en\/wp-json\/wp\/v2\/media?parent=253"}],"wp:term":[{"taxonomy":"category","embeddable":true,"href":"https:\/\/thinkinginyellow.com\/en\/wp-json\/wp\/v2\/categories?post=253"},{"taxonomy":"post_tag","embeddable":true,"href":"https:\/\/thinkinginyellow.com\/en\/wp-json\/wp\/v2\/tags?post=253"}],"curies":[{"name":"wp","href":"https:\/\/api.w.org\/{rel}","templated":true}]}}