{"id":430,"date":"2021-07-10T14:30:42","date_gmt":"2021-07-10T14:30:42","guid":{"rendered":"https:\/\/thinkinginyellow.com\/?p=430"},"modified":"2021-07-10T14:30:49","modified_gmt":"2021-07-10T14:30:49","slug":"adaptate-se-flexible-y-aprende-permanentemente","status":"publish","type":"post","link":"https:\/\/thinkinginyellow.com\/en\/adaptate-se-flexible-y-aprende-permanentemente\/","title":{"rendered":"Ad\u00e1ptate, se flexible y aprende permanentemente"},"content":{"rendered":"<p>[et_pb_section fb_built=&#8221;1&#8243; _builder_version=&#8221;4.9.3&#8243; _module_preset=&#8221;default&#8221; custom_margin=&#8221;5px||5px||true|false&#8221;][et_pb_row _builder_version=&#8221;4.9.3&#8243; _module_preset=&#8221;default&#8221; custom_margin=&#8221;||||false|false&#8221; custom_padding=&#8221;0px||||false|false&#8221; animation_style=&#8221;fade&#8221; animation_delay=&#8221;200ms&#8221;][et_pb_column type=&#8221;4_4&#8243; admin_label=&#8221;T\u00cdTULO&#8221; _builder_version=&#8221;4.9.3&#8243; _module_preset=&#8221;default&#8221;][et_pb_text _builder_version=&#8221;4.9.3&#8243; _module_preset=&#8221;default&#8221; header_5_font=&#8221;Varela Round||||||||&#8221; header_5_text_color=&#8221;#183029&#8243; header_5_font_size_tablet=&#8221;16px&#8221; header_5_font_size_phone=&#8221;15px&#8221; header_5_font_size_last_edited=&#8221;on|desktop&#8221;]<\/p>\n<h5>Ad\u00e1ptate, se flexible y aprende permanentemente<\/h5>\n<p>[\/et_pb_text][\/et_pb_column][\/et_pb_row][et_pb_row custom_padding_last_edited=&#8221;on|phone&#8221; _builder_version=&#8221;4.9.3&#8243; _module_preset=&#8221;default&#8221; custom_padding=&#8221;0px||||false|false&#8221; custom_padding_tablet=&#8221;&#8221; custom_padding_phone=&#8221;&#8221;][et_pb_column type=&#8221;4_4&#8243; admin_label=&#8221;Texto&#8221; _builder_version=&#8221;4.9.3&#8243; _module_preset=&#8221;default&#8221;][et_pb_text _builder_version=&#8221;4.9.3&#8243; _module_preset=&#8221;default&#8221;]<\/p>\n<p><span style=\"color: #333333; font-family: inherit; font-weight: normal;\"><span style=\"font-size: medium;\">La semana pasada leyendo una entrevista de la nobel de Qu\u00edmica <span style=\"color: #94a596;\"><strong>Frances Arnold<\/strong><\/span> me sorprend\u00ed con las palabras que dirigir\u00eda a los j\u00f3venes. <span style=\"color: #94a596;\"><strong>\u201cAd\u00e1ptate, se flexible y aprende permanentemente\u201d,<\/strong><\/span> en la entrevista hac\u00eda referencia a la importancia de <span style=\"color: #94a596;\"><strong>la predisposici\u00f3n al cambio.<\/strong><\/span><\/span><\/span><\/p>\n<p><span style=\"color: #333333; font-family: inherit; font-weight: normal;\"><span style=\"font-size: medium;\"><\/span><\/span><\/p>\n<p><span style=\"color: #333333; font-family: inherit; font-weight: normal;\"><span style=\"font-size: medium;\">El art\u00edculo llam\u00f3 mi atenci\u00f3n porque curiosamente hac\u00eda ya unas semanas que quer\u00eda escribir sobre el cambio y <span style=\"color: #94a596;\"><strong>su relevancia en la toma de decisiones, en la autoestima y en la resiliencia.<\/strong><\/span><\/span><\/span><\/p>\n<p><span style=\"color: #333333; font-family: inherit; font-weight: normal;\"><span style=\"font-size: medium;\">Personalmente veo el cambio como una oportunidad, la oportunidad de volver a sentir como si fuera la primera vez, <span style=\"color: #94a596;\"><strong>la oportunidad de crear<\/strong><\/span> algo nuevo, fresco, que tampoco implica que vaya a ser mejor de lo que ya se tiene pero s\u00ed va a abrir una puerta que antes no estaba.<\/span><\/span><\/p>\n<p><span style=\"color: #333333; font-family: inherit; font-weight: normal;\"><span style=\"font-size: medium;\">Me gusta el cambio, necesito el cambio, me cuesta hacer dos veces las cosas exactamente igual, con frecuencia me invade ese impulso de querer introducir una variaci\u00f3n por m\u00ednima que esta sea para comprobar <span style=\"color: #94a596;\"><strong>que efecto produce<\/strong>.<\/span><\/span><\/span><\/p>\n<p><span style=\"color: #333333; font-family: inherit; font-weight: normal;\"><span style=\"font-size: medium;\">En cualquier momento, en cada paso que uno da puede <span style=\"color: #94a596;\"><strong>hacer variaciones<\/strong> <\/span>y poner a prueba su estado de alerta y disposici\u00f3n a la par que se ejercita el aspecto creativo.<\/span><\/span><\/p>\n<p><span style=\"color: #333333; font-family: inherit; font-weight: normal;\"><span style=\"font-size: medium;\">Mantener la mente abierta a la posibilidad de cambiar te predispone a manejar con menor desgaste aquellas situaciones de la vida imprevistas pero probables. Siempre puede ocurrir que un d\u00eda llegues al trabajo y te encuentres con un cambio sustancial con el que no contabas; nuevo jefe, nueva pol\u00edtica de empresa, un cambio de puesto imprevisto e incluso inexplicable y que esto te lleve a un estado de desconcierto, de desamparo. Llevar una vida abierta a las variaciones no va a hacer que la sorpresa sea menor o que la incertidumbre desaparezca pero s\u00ed va a influir en el shock que esa situaci\u00f3n inesperada pueda producir en tu <span style=\"color: #94a596;\"><strong>autoestima<\/strong><\/span> a corto y largo lazo. Empieza a incorporar cambios en tus peque\u00f1as actividades cotidianas, mantente abierto a la posibilidad de cambiar los vasos de estante solo porque s\u00ed, ve al trabajo por rutas distintas, si\u00e9ntate a tomar un caf\u00e9 en una terracita cuando te apetezca y deja de buscar el momento m\u00e1s adecuado para algo tan simple y placentero. Ponle kiwi a la ensalada, no porque lo hayas visto en la receta del d\u00eda del peri\u00f3dico sino porque mientras preparabas la ensalada el kiwi estaba ah\u00ed.<\/span><\/span><\/p>\n<p><span style=\"color: #94a596;\"><strong><span style=\"font-family: inherit;\"><span style=\"font-size: medium;\">Usa tu entorno, explota tus recursos y disfr\u00fatalos.<\/span><\/span><\/strong><\/span><\/p>\n<p><strong><span style=\"color: #333333; font-family: inherit;\"><span style=\"font-size: medium;\"><\/span><\/span><\/strong><\/p>\n<p><span style=\"color: #333333; font-family: inherit; font-weight: normal;\"><span style=\"font-size: medium;\">Me preocupa cuando la mirada de un chico de 25 a\u00f1os me transmite que su vida ya est\u00e1 sentenciada, que se ve con esa pareja, con ese trabajo o en ese lugar para siempre y que adem\u00e1s no siente la necesidad de cambiarlo ni <span style=\"color: #94a596;\"><strong>conf\u00eda en sus capacidades<\/strong><\/span> para ello. No es que la vida tenga que ser una monta\u00f1a rusa en la que creas que vas a conseguir cualquier cosa que te propongas. Nada mas lejos de la realidad, vivir la vida de verdad no es f\u00e1cil, ser curioso no es sencillo, luchar por lo que quieres cansa pero mantener la mente sana y alerta te da recursos ilimitados para mantener tus prop\u00f3sitos a flote e incluso para tenerlos.<\/span><\/span><\/p>\n<p><strong><span style=\"color: #333333; font-family: inherit;\"><span style=\"font-size: medium;\"><\/span><\/span><\/strong><\/p>\n<p><strong><span style=\"font-family: inherit; color: #94a596;\"><span style=\"font-size: medium;\">Mantener la curiosidad te permite conte<\/span><\/span><span style=\"color: #333333; font-family: inherit;\"><span style=\"font-size: medium;\"><span style=\"color: #94a596;\">mplar posibilidades que en otras circunstancias no se dar\u00edan.<\/span><\/span><\/span><\/strong><\/p>\n<p><strong><span style=\"color: #333333; font-family: inherit;\"><span style=\"font-size: medium;\"><\/span><\/span><\/strong><\/p>\n<p><span style=\"font-family: inherit;\"><span style=\"color: #333333; font-weight: normal; font-size: medium;\">No te ba\u00f1as dos veces en el mismo r\u00edo, \u00bfcierto?. Nunca sientes lo mismo en un primer beso, la misma tortilla no te sabe igual si la comes reci\u00e9n hecha o dos horas despu\u00e9s porque ni la tortilla ni t\u00fa sois los mismos en momentos distintos, <strong><span style=\"color: #94a596;\">tus necesidades son \u00fanicas cada vez.<\/span><\/strong><\/span><\/span><\/p>\n<p><span style=\"color: #333333; font-family: inherit; font-weight: normal;\"><span style=\"font-size: medium;\"><\/span><\/span><\/p>\n<p><strong><span style=\"color: #94a596;\">We don&#8217;t make mistakes&#8230;\u00a0<\/span><\/strong><\/p>\n<p>[\/et_pb_text][\/et_pb_column][\/et_pb_row][et_pb_row custom_padding_last_edited=&#8221;on|phone&#8221; _builder_version=&#8221;4.9.3&#8243; _module_preset=&#8221;default&#8221; custom_margin=&#8221;||||false|false&#8221; custom_padding=&#8221;10px||||false|false&#8221; custom_padding_tablet=&#8221;&#8221; custom_padding_phone=&#8221;&#8221; animation_style=&#8221;fade&#8221; animation_delay=&#8221;200ms&#8221; locked=&#8221;off&#8221;][et_pb_column type=&#8221;4_4&#8243; admin_label=&#8221;REFLEXI\u00d3N&#8221; _builder_version=&#8221;4.9.3&#8243; _module_preset=&#8221;default&#8221;][et_pb_text _builder_version=&#8221;4.9.3&#8243; _module_preset=&#8221;default&#8221; header_5_font=&#8221;Varela Round||||||||&#8221; header_5_text_align=&#8221;center&#8221; header_5_text_color=&#8221;#183029&#8243; background_enable_color=&#8221;off&#8221; max_width=&#8221;442px&#8221; module_alignment=&#8221;right&#8221; custom_padding=&#8221;10px|10px|10px|10px|true|true&#8221; hover_enabled=&#8221;0&#8243; header_5_font_size_tablet=&#8221;16px&#8221; header_5_font_size_phone=&#8221;15px&#8221; header_5_font_size_last_edited=&#8221;on|desktop&#8221; border_width_bottom=&#8221;5px&#8221; border_color_bottom=&#8221;#FFFF00&#8243; sticky_enabled=&#8221;0&#8243; custom_margin=&#8221;|||433px||&#8221;]<\/p>\n<h5>&#8230;do variations. Thinking In Yellow<\/h5>\n<p>[\/et_pb_text][\/et_pb_column][\/et_pb_row][\/et_pb_section][et_pb_section fb_built=&#8221;1&#8243; disabled_on=&#8221;on|on|on&#8221; _builder_version=&#8221;4.9.3&#8243; _module_preset=&#8221;default&#8221; background_image=&#8221;https:\/\/thinkinginyellow.com\/wp-content\/uploads\/2021\/04\/patron_verde-30.png&#8221; background_size=&#8221;initial&#8221; custom_margin=&#8221;||50px||false|false&#8221; custom_margin_tablet=&#8221;&#8221; custom_margin_phone=&#8221;&#8221; custom_margin_last_edited=&#8221;on|phone&#8221; custom_padding=&#8221;50px|50px|50px|50px|true|true&#8221; disabled=&#8221;on&#8221; locked=&#8221;off&#8221;][et_pb_row custom_padding_last_edited=&#8221;on|phone&#8221; _builder_version=&#8221;4.9.3&#8243; _module_preset=&#8221;default&#8221; background_color=&#8221;#FFFFFF&#8221; width=&#8221;85%&#8221; width_tablet=&#8221;&#8221; width_phone=&#8221;&#8221; width_last_edited=&#8221;on|desktop&#8221; custom_padding=&#8221;50px||50px||true|false&#8221; custom_padding_tablet=&#8221;&#8221; custom_padding_phone=&#8221;20px||20px||true|true&#8221;][et_pb_column type=&#8221;4_4&#8243; admin_label=&#8221;Suscripci\u00f3n&#8221; _builder_version=&#8221;4.9.3&#8243; _module_preset=&#8221;default&#8221;][et_pb_text _builder_version=&#8221;4.9.3&#8243; text_font=&#8221;||||||||&#8221; text_font_size=&#8221;18px&#8221; text_line_height=&#8221;2.2em&#8221; header_font=&#8221;||||||||&#8221; header_text_align=&#8221;center&#8221; header_2_font=&#8221;||||||||&#8221; header_2_text_color=&#8221;#94A596&#8243; width=&#8221;75%&#8221; module_alignment=&#8221;center&#8221; custom_margin=&#8221;||50px||false|false&#8221; custom_margin_tablet=&#8221;&#8221; custom_margin_phone=&#8221;||20px||false|false&#8221; custom_margin_last_edited=&#8221;on|desktop&#8221; animation_direction=&#8221;left&#8221; text_font_size_tablet=&#8221;&#8221; text_font_size_phone=&#8221;14px&#8221; text_font_size_last_edited=&#8221;on|phone&#8221; header_2_font_size_tablet=&#8221;35px&#8221; header_2_font_size_phone=&#8221;25px&#8221; header_2_font_size_last_edited=&#8221;on|desktop&#8221; border_width_bottom=&#8221;5px&#8221; border_color_bottom=&#8221;#FFFF00&#8243; locked=&#8221;off&#8221; header_3_font_size__hover=&#8221;22px&#8221; header_3_font_size__hover_enabled=&#8221;22px&#8221; header_3_letter_spacing__hover=&#8221;0px&#8221; header_3_letter_spacing__hover_enabled=&#8221;0px&#8221; header_3_line_height__hover=&#8221;1em&#8221; header_3_line_height__hover_enabled=&#8221;1em&#8221; header_3_text_shadow_style__hover=&#8221;none&#8221; header_3_text_shadow_style__hover_enabled=&#8221;none&#8221; header_3_text_shadow_color__hover=&#8221;rgba(0,0,0,0.4)&#8221; header_3_text_shadow_color__hover_enabled=&#8221;rgba(0,0,0,0.4)&#8221;]<\/p>\n<h1 class=\"p1\"><span class=\"s1\">Suscr\u00edbete a La Guarida<\/span><\/h1>\n<p>[\/et_pb_text][et_pb_text _builder_version=&#8221;4.9.3&#8243; _module_preset=&#8221;default&#8221; text_orientation=&#8221;center&#8221; width=&#8221;80%&#8221; module_alignment=&#8221;center&#8221; custom_margin=&#8221;||15px||false|false&#8221;]<\/p>\n<p>\u00a1Suscr\u00edbete al bolet\u00edn de noticias de <span style=\"color: #94a596;\"><strong>La Guarida<\/strong><\/span> para enterarte de todas las novedades!<\/p>\n<p>[\/et_pb_text][et_pb_signup name_field=&#8221;on&#8221; button_text=&#8221;Suscribirme&#8221; _builder_version=&#8221;4.9.3&#8243; _module_preset=&#8221;default&#8221; form_field_background_color=&#8221;rgba(255,255,0,0.21)&#8221; form_field_text_color=&#8221;#183029&#8243; result_message_text_color=&#8221;#94A596&#8243; form_field_font=&#8221;||||||||&#8221; form_field_font_size=&#8221;16px&#8221; form_field_line_height=&#8221;2em&#8221; background_enable_color=&#8221;off&#8221; custom_button=&#8221;on&#8221; button_custom_margin=&#8221;15px||||false|false&#8221; button_custom_padding=&#8221;||15px||false|false&#8221; width=&#8221;80%&#8221; width_tablet=&#8221;&#8221; width_phone=&#8221;100%&#8221; width_last_edited=&#8221;on|desktop&#8221; module_alignment=&#8221;center&#8221; animation_style=&#8221;fade&#8221; animation_delay=&#8221;200ms&#8221; form_field_font_size_tablet=&#8221;&#8221; form_field_font_size_phone=&#8221;14px&#8221; form_field_font_size_last_edited=&#8221;on|phone&#8221; button_text_size_tablet=&#8221;12px&#8221; button_text_size_phone=&#8221;&#8221; button_text_size_last_edited=&#8221;on|phone&#8221; box_shadow_style_button=&#8221;preset4&#8243; box_shadow_horizontal_button=&#8221;0px&#8221; box_shadow_vertical_button=&#8221;5px&#8221; box_shadow_color_button=&#8221;#FFFF00&#8243;][\/et_pb_signup][\/et_pb_column][\/et_pb_row][\/et_pb_section]<\/p>\n","protected":false},"excerpt":{"rendered":"<p>Ad\u00e1ptate, se flexible y aprende permanentemente La semana pasada leyendo una entrevista de la nobel de Qu\u00edmica Frances Arnold me sorprend\u00ed con las palabras que dirigir\u00eda a los j\u00f3venes. \u201cAd\u00e1ptate, se flexible y aprende permanentemente\u201d, en la entrevista hac\u00eda referencia a la importancia de la predisposici\u00f3n al cambio. El art\u00edculo llam\u00f3 mi atenci\u00f3n porque curiosamente [&hellip;]<\/p>\n","protected":false},"author":1,"featured_media":431,"comment_status":"closed","ping_status":"closed","sticky":false,"template":"","format":"standard","meta":{"_et_pb_use_builder":"on","_et_pb_old_content":"","_et_gb_content_width":""},"categories":[4],"tags":[],"yoast_head":"<!-- This site is optimized with the Yoast SEO plugin v17.5 - https:\/\/yoast.com\/wordpress\/plugins\/seo\/ -->\n<title>Ad\u00e1ptate, se flexible y aprende permanentemente - Thinking in yellow<\/title>\n<meta name=\"robots\" content=\"index, follow, max-snippet:-1, max-image-preview:large, max-video-preview:-1\" \/>\n<link rel=\"canonical\" href=\"https:\/\/thinkinginyellow.com\/en\/adaptate-se-flexible-y-aprende-permanentemente\/\" \/>\n<meta property=\"og:locale\" content=\"en_US\" \/>\n<meta property=\"og:type\" content=\"article\" \/>\n<meta property=\"og:title\" content=\"Ad\u00e1ptate, se flexible y aprende permanentemente - Thinking in yellow\" \/>\n<meta property=\"og:description\" content=\"Ad\u00e1ptate, se flexible y aprende permanentemente La semana pasada leyendo una entrevista de la nobel de Qu\u00edmica Frances Arnold me sorprend\u00ed con las palabras que dirigir\u00eda a los j\u00f3venes. \u201cAd\u00e1ptate, se flexible y aprende permanentemente\u201d, en la entrevista hac\u00eda referencia a la importancia de la predisposici\u00f3n al cambio. El art\u00edculo llam\u00f3 mi atenci\u00f3n porque curiosamente [&hellip;]\" \/>\n<meta property=\"og:url\" content=\"https:\/\/thinkinginyellow.com\/en\/adaptate-se-flexible-y-aprende-permanentemente\/\" \/>\n<meta property=\"og:site_name\" content=\"Thinking in yellow\" \/>\n<meta property=\"article:published_time\" content=\"2021-07-10T14:30:42+00:00\" \/>\n<meta property=\"article:modified_time\" content=\"2021-07-10T14:30:49+00:00\" \/>\n<meta property=\"og:image\" content=\"https:\/\/thinkinginyellow.com\/wp-content\/uploads\/2021\/07\/Cambio.jpeg\" \/>\n\t<meta property=\"og:image:width\" content=\"608\" \/>\n\t<meta property=\"og:image:height\" content=\"405\" \/>\n<meta name=\"twitter:card\" content=\"summary_large_image\" \/>\n<meta name=\"twitter:label1\" content=\"Written by\" \/>\n\t<meta name=\"twitter:data1\" content=\"admin\" \/>\n<script type=\"application\/ld+json\" class=\"yoast-schema-graph\">{\"@context\":\"https:\/\/schema.org\",\"@graph\":[{\"@type\":\"WebSite\",\"@id\":\"https:\/\/thinkinginyellow.com\/#website\",\"url\":\"https:\/\/thinkinginyellow.com\/\",\"name\":\"Thinking in yellow\",\"description\":\"Simplify your life - Psic\\u00f3loga espa\\u00f1ola en M\\u00fanich para expatriados\",\"potentialAction\":[{\"@type\":\"SearchAction\",\"target\":{\"@type\":\"EntryPoint\",\"urlTemplate\":\"https:\/\/thinkinginyellow.com\/?s={search_term_string}\"},\"query-input\":\"required name=search_term_string\"}],\"inLanguage\":\"en-US\"},{\"@type\":\"ImageObject\",\"@id\":\"https:\/\/thinkinginyellow.com\/en\/adaptate-se-flexible-y-aprende-permanentemente\/#primaryimage\",\"inLanguage\":\"en-US\",\"url\":\"https:\/\/thinkinginyellow.com\/wp-content\/uploads\/2021\/07\/Cambio.jpeg\",\"contentUrl\":\"https:\/\/thinkinginyellow.com\/wp-content\/uploads\/2021\/07\/Cambio.jpeg\",\"width\":608,\"height\":405},{\"@type\":\"WebPage\",\"@id\":\"https:\/\/thinkinginyellow.com\/en\/adaptate-se-flexible-y-aprende-permanentemente\/#webpage\",\"url\":\"https:\/\/thinkinginyellow.com\/en\/adaptate-se-flexible-y-aprende-permanentemente\/\",\"name\":\"Ad\\u00e1ptate, se flexible y aprende permanentemente - Thinking in yellow\",\"isPartOf\":{\"@id\":\"https:\/\/thinkinginyellow.com\/#website\"},\"primaryImageOfPage\":{\"@id\":\"https:\/\/thinkinginyellow.com\/en\/adaptate-se-flexible-y-aprende-permanentemente\/#primaryimage\"},\"datePublished\":\"2021-07-10T14:30:42+00:00\",\"dateModified\":\"2021-07-10T14:30:49+00:00\",\"author\":{\"@id\":\"https:\/\/thinkinginyellow.com\/#\/schema\/person\/1176485c96431fc47c4cdedf7c16ad4e\"},\"breadcrumb\":{\"@id\":\"https:\/\/thinkinginyellow.com\/en\/adaptate-se-flexible-y-aprende-permanentemente\/#breadcrumb\"},\"inLanguage\":\"en-US\",\"potentialAction\":[{\"@type\":\"ReadAction\",\"target\":[\"https:\/\/thinkinginyellow.com\/en\/adaptate-se-flexible-y-aprende-permanentemente\/\"]}]},{\"@type\":\"BreadcrumbList\",\"@id\":\"https:\/\/thinkinginyellow.com\/en\/adaptate-se-flexible-y-aprende-permanentemente\/#breadcrumb\",\"itemListElement\":[{\"@type\":\"ListItem\",\"position\":1,\"name\":\"Portada\",\"item\":\"https:\/\/thinkinginyellow.com\/en\/\"},{\"@type\":\"ListItem\",\"position\":2,\"name\":\"Ad\\u00e1ptate, se flexible y aprende permanentemente\"}]},{\"@type\":\"Person\",\"@id\":\"https:\/\/thinkinginyellow.com\/#\/schema\/person\/1176485c96431fc47c4cdedf7c16ad4e\",\"name\":\"admin\",\"image\":{\"@type\":\"ImageObject\",\"@id\":\"https:\/\/thinkinginyellow.com\/#personlogo\",\"inLanguage\":\"en-US\",\"url\":\"https:\/\/secure.gravatar.com\/avatar\/acebaa4d8f696523b9ae5db676fe2f61?s=96&d=mm&r=g\",\"contentUrl\":\"https:\/\/secure.gravatar.com\/avatar\/acebaa4d8f696523b9ae5db676fe2f61?s=96&d=mm&r=g\",\"caption\":\"admin\"},\"sameAs\":[\"https:\/\/thinkinginyellow.com\"],\"url\":\"https:\/\/thinkinginyellow.com\/en\/author\/thinking\/\"}]}<\/script>\n<!-- \/ Yoast SEO plugin. -->","yoast_head_json":{"title":"Ad\u00e1ptate, se flexible y aprende permanentemente - Thinking in yellow","robots":{"index":"index","follow":"follow","max-snippet":"max-snippet:-1","max-image-preview":"max-image-preview:large","max-video-preview":"max-video-preview:-1"},"canonical":"https:\/\/thinkinginyellow.com\/en\/adaptate-se-flexible-y-aprende-permanentemente\/","og_locale":"en_US","og_type":"article","og_title":"Ad\u00e1ptate, se flexible y aprende permanentemente - Thinking in yellow","og_description":"Ad\u00e1ptate, se flexible y aprende permanentemente La semana pasada leyendo una entrevista de la nobel de Qu\u00edmica Frances Arnold me sorprend\u00ed con las palabras que dirigir\u00eda a los j\u00f3venes. \u201cAd\u00e1ptate, se flexible y aprende permanentemente\u201d, en la entrevista hac\u00eda referencia a la importancia de la predisposici\u00f3n al cambio. El art\u00edculo llam\u00f3 mi atenci\u00f3n porque curiosamente [&hellip;]","og_url":"https:\/\/thinkinginyellow.com\/en\/adaptate-se-flexible-y-aprende-permanentemente\/","og_site_name":"Thinking in yellow","article_published_time":"2021-07-10T14:30:42+00:00","article_modified_time":"2021-07-10T14:30:49+00:00","og_image":[{"width":608,"height":405,"url":"https:\/\/thinkinginyellow.com\/wp-content\/uploads\/2021\/07\/Cambio.jpeg","type":"image\/jpeg"}],"twitter_card":"summary_large_image","twitter_misc":{"Written by":"admin"},"schema":{"@context":"https:\/\/schema.org","@graph":[{"@type":"WebSite","@id":"https:\/\/thinkinginyellow.com\/#website","url":"https:\/\/thinkinginyellow.com\/","name":"Thinking in yellow","description":"Simplify your life - Psic\u00f3loga espa\u00f1ola en M\u00fanich para expatriados","potentialAction":[{"@type":"SearchAction","target":{"@type":"EntryPoint","urlTemplate":"https:\/\/thinkinginyellow.com\/?s={search_term_string}"},"query-input":"required name=search_term_string"}],"inLanguage":"en-US"},{"@type":"ImageObject","@id":"https:\/\/thinkinginyellow.com\/en\/adaptate-se-flexible-y-aprende-permanentemente\/#primaryimage","inLanguage":"en-US","url":"https:\/\/thinkinginyellow.com\/wp-content\/uploads\/2021\/07\/Cambio.jpeg","contentUrl":"https:\/\/thinkinginyellow.com\/wp-content\/uploads\/2021\/07\/Cambio.jpeg","width":608,"height":405},{"@type":"WebPage","@id":"https:\/\/thinkinginyellow.com\/en\/adaptate-se-flexible-y-aprende-permanentemente\/#webpage","url":"https:\/\/thinkinginyellow.com\/en\/adaptate-se-flexible-y-aprende-permanentemente\/","name":"Ad\u00e1ptate, se flexible y aprende permanentemente - Thinking in yellow","isPartOf":{"@id":"https:\/\/thinkinginyellow.com\/#website"},"primaryImageOfPage":{"@id":"https:\/\/thinkinginyellow.com\/en\/adaptate-se-flexible-y-aprende-permanentemente\/#primaryimage"},"datePublished":"2021-07-10T14:30:42+00:00","dateModified":"2021-07-10T14:30:49+00:00","author":{"@id":"https:\/\/thinkinginyellow.com\/#\/schema\/person\/1176485c96431fc47c4cdedf7c16ad4e"},"breadcrumb":{"@id":"https:\/\/thinkinginyellow.com\/en\/adaptate-se-flexible-y-aprende-permanentemente\/#breadcrumb"},"inLanguage":"en-US","potentialAction":[{"@type":"ReadAction","target":["https:\/\/thinkinginyellow.com\/en\/adaptate-se-flexible-y-aprende-permanentemente\/"]}]},{"@type":"BreadcrumbList","@id":"https:\/\/thinkinginyellow.com\/en\/adaptate-se-flexible-y-aprende-permanentemente\/#breadcrumb","itemListElement":[{"@type":"ListItem","position":1,"name":"Portada","item":"https:\/\/thinkinginyellow.com\/en\/"},{"@type":"ListItem","position":2,"name":"Ad\u00e1ptate, se flexible y aprende permanentemente"}]},{"@type":"Person","@id":"https:\/\/thinkinginyellow.com\/#\/schema\/person\/1176485c96431fc47c4cdedf7c16ad4e","name":"admin","image":{"@type":"ImageObject","@id":"https:\/\/thinkinginyellow.com\/#personlogo","inLanguage":"en-US","url":"https:\/\/secure.gravatar.com\/avatar\/acebaa4d8f696523b9ae5db676fe2f61?s=96&d=mm&r=g","contentUrl":"https:\/\/secure.gravatar.com\/avatar\/acebaa4d8f696523b9ae5db676fe2f61?s=96&d=mm&r=g","caption":"admin"},"sameAs":["https:\/\/thinkinginyellow.com"],"url":"https:\/\/thinkinginyellow.com\/en\/author\/thinking\/"}]}},"jetpack_featured_media_url":"https:\/\/thinkinginyellow.com\/wp-content\/uploads\/2021\/07\/Cambio.jpeg","uagb_featured_image_src":{"full":["https:\/\/thinkinginyellow.com\/wp-content\/uploads\/2021\/07\/Cambio.jpeg",608,405,false],"thumbnail":["https:\/\/thinkinginyellow.com\/wp-content\/uploads\/2021\/07\/Cambio-150x150.jpeg",150,150,true],"medium":["https:\/\/thinkinginyellow.com\/wp-content\/uploads\/2021\/07\/Cambio-300x200.jpeg",300,200,true],"medium_large":["https:\/\/thinkinginyellow.com\/wp-content\/uploads\/2021\/07\/Cambio.jpeg",608,405,false],"large":["https:\/\/thinkinginyellow.com\/wp-content\/uploads\/2021\/07\/Cambio.jpeg",608,405,false],"1536x1536":["https:\/\/thinkinginyellow.com\/wp-content\/uploads\/2021\/07\/Cambio.jpeg",608,405,false],"2048x2048":["https:\/\/thinkinginyellow.com\/wp-content\/uploads\/2021\/07\/Cambio.jpeg",608,405,false],"et-pb-post-main-image":["https:\/\/thinkinginyellow.com\/wp-content\/uploads\/2021\/07\/Cambio-400x250.jpeg",400,250,true],"et-pb-post-main-image-fullwidth":["https:\/\/thinkinginyellow.com\/wp-content\/uploads\/2021\/07\/Cambio.jpeg",608,405,false],"et-pb-portfolio-image":["https:\/\/thinkinginyellow.com\/wp-content\/uploads\/2021\/07\/Cambio-400x284.jpeg",400,284,true],"et-pb-portfolio-module-image":["https:\/\/thinkinginyellow.com\/wp-content\/uploads\/2021\/07\/Cambio-510x382.jpeg",510,382,true],"et-pb-portfolio-image-single":["https:\/\/thinkinginyellow.com\/wp-content\/uploads\/2021\/07\/Cambio.jpeg",608,405,false],"et-pb-gallery-module-image-portrait":["https:\/\/thinkinginyellow.com\/wp-content\/uploads\/2021\/07\/Cambio-400x405.jpeg",400,405,true],"et-pb-post-main-image-fullwidth-large":["https:\/\/thinkinginyellow.com\/wp-content\/uploads\/2021\/07\/Cambio.jpeg",608,405,false],"et-pb-image--responsive--desktop":["https:\/\/thinkinginyellow.com\/wp-content\/uploads\/2021\/07\/Cambio.jpeg",608,405,false],"et-pb-image--responsive--tablet":["https:\/\/thinkinginyellow.com\/wp-content\/uploads\/2021\/07\/Cambio.jpeg",608,405,false],"et-pb-image--responsive--phone":["https:\/\/thinkinginyellow.com\/wp-content\/uploads\/2021\/07\/Cambio-480x320.jpeg",405,270,true]},"uagb_author_info":{"display_name":"admin","author_link":"https:\/\/thinkinginyellow.com\/en\/author\/thinking\/"},"uagb_comment_info":0,"uagb_excerpt":"Ad\u00e1ptate, se flexible y aprende permanentemente La semana pasada leyendo una entrevista de la nobel de Qu\u00edmica Frances Arnold me sorprend\u00ed con las palabras que dirigir\u00eda a los j\u00f3venes. \u201cAd\u00e1ptate, se flexible y aprende permanentemente\u201d, en la entrevista hac\u00eda referencia a la importancia de la predisposici\u00f3n al cambio. El art\u00edculo llam\u00f3 mi atenci\u00f3n porque curiosamente&hellip;","_links":{"self":[{"href":"https:\/\/thinkinginyellow.com\/en\/wp-json\/wp\/v2\/posts\/430"}],"collection":[{"href":"https:\/\/thinkinginyellow.com\/en\/wp-json\/wp\/v2\/posts"}],"about":[{"href":"https:\/\/thinkinginyellow.com\/en\/wp-json\/wp\/v2\/types\/post"}],"author":[{"embeddable":true,"href":"https:\/\/thinkinginyellow.com\/en\/wp-json\/wp\/v2\/users\/1"}],"replies":[{"embeddable":true,"href":"https:\/\/thinkinginyellow.com\/en\/wp-json\/wp\/v2\/comments?post=430"}],"version-history":[{"count":2,"href":"https:\/\/thinkinginyellow.com\/en\/wp-json\/wp\/v2\/posts\/430\/revisions"}],"predecessor-version":[{"id":434,"href":"https:\/\/thinkinginyellow.com\/en\/wp-json\/wp\/v2\/posts\/430\/revisions\/434"}],"wp:featuredmedia":[{"embeddable":true,"href":"https:\/\/thinkinginyellow.com\/en\/wp-json\/wp\/v2\/media\/431"}],"wp:attachment":[{"href":"https:\/\/thinkinginyellow.com\/en\/wp-json\/wp\/v2\/media?parent=430"}],"wp:term":[{"taxonomy":"category","embeddable":true,"href":"https:\/\/thinkinginyellow.com\/en\/wp-json\/wp\/v2\/categories?post=430"},{"taxonomy":"post_tag","embeddable":true,"href":"https:\/\/thinkinginyellow.com\/en\/wp-json\/wp\/v2\/tags?post=430"}],"curies":[{"name":"wp","href":"https:\/\/api.w.org\/{rel}","templated":true}]}}