{"id":482,"date":"2021-08-18T13:25:38","date_gmt":"2021-08-18T13:25:38","guid":{"rendered":"https:\/\/thinkinginyellow.com\/?p=482"},"modified":"2021-08-18T13:35:33","modified_gmt":"2021-08-18T13:35:33","slug":"sin-ti-no-soy-yo-red-social","status":"publish","type":"post","link":"https:\/\/thinkinginyellow.com\/en\/sin-ti-no-soy-yo-red-social\/","title":{"rendered":"Sin ti no soy yo"},"content":{"rendered":"\n<p class=\"has-medium-font-size\"><strong><span style=\"color:#94a596\" class=\"has-inline-color\">Sin ti no soy yo<\/span><\/strong><\/p>\n\n\n\n<p><strong><span style=\"color:#94a596\" class=\"has-inline-color\">\u00bfTienes\u00a0amigos?<\/span><\/strong> S\u00ed, no s\u00e9 si muchos o pocos, no quiero ni evaluar ni juzgar.<\/p>\n\n\n\n<p>\u00bfLos tienes cerca? A algunos de ellos no y evidentemente me gustar\u00eda tenerlos en mi d\u00eda porque les necesito, ellos me complementan,&nbsp;<strong><span style=\"color:#94a596\" class=\"has-inline-color\">me hacen ser quien soy.<\/span><\/strong><\/p>\n\n\n\n<p>\u00bfCon qui\u00e9n te encuentras los lunes?,&nbsp;<span style=\"color:#94a596\" class=\"has-inline-color\"><strong>\u00bfqui\u00e9n es esa gente con la que compartes espacios?&nbsp;<\/strong><\/span>A lo largo de mi semana me cruzo con gente de diferentes condiciones, con todos ellos tengo algo en com\u00fan, en ocasiones tenemos m\u00e1s cosas en com\u00fan de lo que pens\u00e1bamos en un inicio pero con otros no, con otros es&nbsp;<span style=\"color:#94a596\" class=\"has-inline-color\"><strong>una mera relaci\u00f3n circunstancial<\/strong>&nbsp;<\/span>en la que somos cordiales pero ah\u00ed queda todo. Y \u00bfsabes?, a ellos tambi\u00e9n les necesito porque son parte de m\u00ed y de mis martes.<\/p>\n\n\n\n<p>Los mi\u00e9rcoles me relaciono con gente a la que respeto y me gusta. Algunos de ellos <strong><span style=\"color:#94a596\" class=\"has-inline-color\">despiertan&nbsp;sentimientos especiales<\/span><\/strong> en m\u00ed, y no me refiero en un aspecto rom\u00e1ntico, sino a sentimientos de cari\u00f1o, de querer protegerles y ayudarles, de querer compartir m\u00e1s con ellos, incluso por algunos de ellos he sentido,&nbsp;y <strong><span style=\"color:#94a596\" class=\"has-inline-color\">siento admiraci\u00f3n<\/span><\/strong>. \u00bfRecuerdas lo que se siente cuando admiras a alguien?, que intenso, \u00bfverdad?<\/p>\n\n\n\n<p>Claro que tambi\u00e9n forman parte de mis jueves aquellos que&nbsp;<strong><span style=\"color:#94a596\" class=\"has-inline-color\">me provocan desconfianza y malestar<\/span><\/strong>, \u00a1ooooohhh s\u00ed!, cr\u00e9eme que los hay, pero son parte del todo, ellos hacen que a\u00fan me gusten m\u00e1s los que&nbsp;<span style=\"color:#94a596\" class=\"has-inline-color\"><strong>me sonr\u00eden y me preguntan como estoy<\/strong>&nbsp;<\/span>los viernes.<\/p>\n\n\n\n<p>Es un triste error pensar que una sola persona pueda satisfacer todas nuestras necesidades, somos tan ricos y vers\u00e1tiles que no debemos permitirnos ser c\u00f3modos,&nbsp;<strong><span style=\"color:#94a596\" class=\"has-inline-color\">si lo que te rodea no te satisface<\/span><\/strong>, abre el c\u00edrculo, cambia el Pub de los s\u00e1bados.<\/p>\n\n\n\n<p>Seguro que hay numerosos estudios en los que leer sobre los enormes beneficios que disfrutan aquellas personas que viven en un&nbsp;<strong><span style=\"color:#94a596\" class=\"has-inline-color\">entorno de colaboraci\u00f3n<\/span><\/strong>&nbsp;o en n\u00facleos familiares\/sociales en los que priman&nbsp;<strong><span style=\"color:#94a596\" class=\"has-inline-color\">la lealtad, el respeto, la admiraci\u00f3n, la protecci\u00f3n y el sentimiento de unidad<\/span><\/strong>. Empezando a repetirme, te dir\u00e9 que los miembros de este tipo de comunidades padecen un menor n\u00famero de enfermedades asociadas al aparato gastrointestinal o a dolencias cardiovasculares. Y <strong><span style=\"color:#94a596\" class=\"has-inline-color\">la ansiedad, la depresi\u00f3n y el estr\u00e9s<\/span><\/strong>&nbsp;se representan con otras cifras muy distintas a las tristemente habituales hoy.<\/p>\n\n\n\n<p>Sin duda merece la pena invertir tiempo y esfuerzo en reflexionar sobre&nbsp;<strong><span style=\"color:#94a596\" class=\"has-inline-color\">con qui\u00e9n y c\u00f3mo estamos compartiendo nuestros d\u00edas<\/span><\/strong>, esa es nuestra vida y esa ser\u00e1. \u00bfPor qu\u00e9 tanto empe\u00f1o en buscar e intentar conservar a un compa\u00f1ero\/a de vida si por si solo no va poder suplir todo aquello que necesitamos llegar a ser?, \u00bfpor qu\u00e9 no invertir nuestros esfuerzos en confeccionar esa&nbsp;<span style=\"color:#94a596\" class=\"has-inline-color\"><strong>red social<\/strong>&nbsp;<\/span>que nos sostendr\u00e1 y acompa\u00f1ar\u00e1 en nuestro crecimiento sin l\u00edmites?<\/p>\n\n\n\n<p><strong><span style=\"color:#94a596\" class=\"has-inline-color\">\u00bfA qui\u00e9n invitar\u00edas a la comida de los domingos?<\/span><\/strong><\/p>\n\n\n\n<p><\/p>\n\n\n\n<p class=\"has-text-align-right has-large-font-size\"><span style=\"color:#94a596\" class=\"has-inline-color\"><strong>Crea Thinking In Yellow.<\/strong><\/span><\/p>\n\n\n\n<p><\/p>\n","protected":false},"excerpt":{"rendered":"<p>Sin ti no soy yo \u00bfTienes\u00a0amigos? S\u00ed, no s\u00e9 si muchos o pocos, no quiero ni evaluar ni juzgar. \u00bfLos tienes cerca? A algunos de ellos no y evidentemente me gustar\u00eda tenerlos en mi d\u00eda porque les necesito, ellos me complementan,&nbsp;me hacen ser quien soy. \u00bfCon qui\u00e9n te encuentras los lunes?,&nbsp;\u00bfqui\u00e9n es esa gente con [&hellip;]<\/p>\n","protected":false},"author":1,"featured_media":483,"comment_status":"closed","ping_status":"closed","sticky":false,"template":"","format":"standard","meta":{"_et_pb_use_builder":"off","_et_pb_old_content":"","_et_gb_content_width":""},"categories":[4],"tags":[],"yoast_head":"<!-- This site is optimized with the Yoast SEO plugin v17.5 - https:\/\/yoast.com\/wordpress\/plugins\/seo\/ -->\n<title>Sin ti no soy yo - Thinking in yellow<\/title>\n<meta name=\"description\" content=\"Sin ti no soy yo. Red social. Con quien y como compartes tu vida. Disminuye la ansiedad y el estr\u00e9s. Thinking In Yellow.\" \/>\n<meta name=\"robots\" content=\"index, follow, max-snippet:-1, max-image-preview:large, max-video-preview:-1\" \/>\n<link rel=\"canonical\" href=\"https:\/\/thinkinginyellow.com\/en\/sin-ti-no-soy-yo-red-social\/\" \/>\n<meta property=\"og:locale\" content=\"en_US\" \/>\n<meta property=\"og:type\" content=\"article\" \/>\n<meta property=\"og:title\" content=\"Sin ti no soy yo - Thinking in yellow\" \/>\n<meta property=\"og:description\" content=\"Sin ti no soy yo. Red social. Con quien y como compartes tu vida. Disminuye la ansiedad y el estr\u00e9s. Thinking In Yellow.\" \/>\n<meta property=\"og:url\" content=\"https:\/\/thinkinginyellow.com\/en\/sin-ti-no-soy-yo-red-social\/\" \/>\n<meta property=\"og:site_name\" content=\"Thinking in yellow\" \/>\n<meta property=\"article:published_time\" content=\"2021-08-18T13:25:38+00:00\" \/>\n<meta property=\"article:modified_time\" content=\"2021-08-18T13:35:33+00:00\" \/>\n<meta property=\"og:image\" content=\"https:\/\/thinkinginyellow.com\/wp-content\/uploads\/2021\/08\/Sin-ti-no-soy-yo.jpg\" \/>\n\t<meta property=\"og:image:width\" content=\"563\" \/>\n\t<meta property=\"og:image:height\" content=\"851\" \/>\n<meta name=\"twitter:card\" content=\"summary_large_image\" \/>\n<meta name=\"twitter:label1\" content=\"Written by\" \/>\n\t<meta name=\"twitter:data1\" content=\"admin\" \/>\n\t<meta name=\"twitter:label2\" content=\"Est. reading time\" \/>\n\t<meta name=\"twitter:data2\" content=\"3 minutes\" \/>\n<script type=\"application\/ld+json\" class=\"yoast-schema-graph\">{\"@context\":\"https:\/\/schema.org\",\"@graph\":[{\"@type\":\"WebSite\",\"@id\":\"https:\/\/thinkinginyellow.com\/#website\",\"url\":\"https:\/\/thinkinginyellow.com\/\",\"name\":\"Thinking in yellow\",\"description\":\"Simplify your life - Psic\\u00f3loga espa\\u00f1ola en M\\u00fanich para expatriados\",\"potentialAction\":[{\"@type\":\"SearchAction\",\"target\":{\"@type\":\"EntryPoint\",\"urlTemplate\":\"https:\/\/thinkinginyellow.com\/?s={search_term_string}\"},\"query-input\":\"required name=search_term_string\"}],\"inLanguage\":\"en-US\"},{\"@type\":\"ImageObject\",\"@id\":\"https:\/\/thinkinginyellow.com\/en\/sin-ti-no-soy-yo-red-social\/#primaryimage\",\"inLanguage\":\"en-US\",\"url\":\"https:\/\/thinkinginyellow.com\/wp-content\/uploads\/2021\/08\/Sin-ti-no-soy-yo.jpg\",\"contentUrl\":\"https:\/\/thinkinginyellow.com\/wp-content\/uploads\/2021\/08\/Sin-ti-no-soy-yo.jpg\",\"width\":563,\"height\":851,\"caption\":\"Red Social\"},{\"@type\":\"WebPage\",\"@id\":\"https:\/\/thinkinginyellow.com\/en\/sin-ti-no-soy-yo-red-social\/#webpage\",\"url\":\"https:\/\/thinkinginyellow.com\/en\/sin-ti-no-soy-yo-red-social\/\",\"name\":\"Sin ti no soy yo - Thinking in yellow\",\"isPartOf\":{\"@id\":\"https:\/\/thinkinginyellow.com\/#website\"},\"primaryImageOfPage\":{\"@id\":\"https:\/\/thinkinginyellow.com\/en\/sin-ti-no-soy-yo-red-social\/#primaryimage\"},\"datePublished\":\"2021-08-18T13:25:38+00:00\",\"dateModified\":\"2021-08-18T13:35:33+00:00\",\"author\":{\"@id\":\"https:\/\/thinkinginyellow.com\/#\/schema\/person\/1176485c96431fc47c4cdedf7c16ad4e\"},\"description\":\"Sin ti no soy yo. Red social. Con quien y como compartes tu vida. Disminuye la ansiedad y el estr\\u00e9s. Thinking In Yellow.\",\"breadcrumb\":{\"@id\":\"https:\/\/thinkinginyellow.com\/en\/sin-ti-no-soy-yo-red-social\/#breadcrumb\"},\"inLanguage\":\"en-US\",\"potentialAction\":[{\"@type\":\"ReadAction\",\"target\":[\"https:\/\/thinkinginyellow.com\/en\/sin-ti-no-soy-yo-red-social\/\"]}]},{\"@type\":\"BreadcrumbList\",\"@id\":\"https:\/\/thinkinginyellow.com\/en\/sin-ti-no-soy-yo-red-social\/#breadcrumb\",\"itemListElement\":[{\"@type\":\"ListItem\",\"position\":1,\"name\":\"Portada\",\"item\":\"https:\/\/thinkinginyellow.com\/en\/\"},{\"@type\":\"ListItem\",\"position\":2,\"name\":\"Sin ti no soy yo\"}]},{\"@type\":\"Person\",\"@id\":\"https:\/\/thinkinginyellow.com\/#\/schema\/person\/1176485c96431fc47c4cdedf7c16ad4e\",\"name\":\"admin\",\"image\":{\"@type\":\"ImageObject\",\"@id\":\"https:\/\/thinkinginyellow.com\/#personlogo\",\"inLanguage\":\"en-US\",\"url\":\"https:\/\/secure.gravatar.com\/avatar\/acebaa4d8f696523b9ae5db676fe2f61?s=96&d=mm&r=g\",\"contentUrl\":\"https:\/\/secure.gravatar.com\/avatar\/acebaa4d8f696523b9ae5db676fe2f61?s=96&d=mm&r=g\",\"caption\":\"admin\"},\"sameAs\":[\"https:\/\/thinkinginyellow.com\"],\"url\":\"https:\/\/thinkinginyellow.com\/en\/author\/thinking\/\"}]}<\/script>\n<!-- \/ Yoast SEO plugin. -->","yoast_head_json":{"title":"Sin ti no soy yo - Thinking in yellow","description":"Sin ti no soy yo. Red social. Con quien y como compartes tu vida. Disminuye la ansiedad y el estr\u00e9s. Thinking In Yellow.","robots":{"index":"index","follow":"follow","max-snippet":"max-snippet:-1","max-image-preview":"max-image-preview:large","max-video-preview":"max-video-preview:-1"},"canonical":"https:\/\/thinkinginyellow.com\/en\/sin-ti-no-soy-yo-red-social\/","og_locale":"en_US","og_type":"article","og_title":"Sin ti no soy yo - Thinking in yellow","og_description":"Sin ti no soy yo. Red social. Con quien y como compartes tu vida. Disminuye la ansiedad y el estr\u00e9s. Thinking In Yellow.","og_url":"https:\/\/thinkinginyellow.com\/en\/sin-ti-no-soy-yo-red-social\/","og_site_name":"Thinking in yellow","article_published_time":"2021-08-18T13:25:38+00:00","article_modified_time":"2021-08-18T13:35:33+00:00","og_image":[{"width":563,"height":851,"url":"https:\/\/thinkinginyellow.com\/wp-content\/uploads\/2021\/08\/Sin-ti-no-soy-yo.jpg","type":"image\/jpeg"}],"twitter_card":"summary_large_image","twitter_misc":{"Written by":"admin","Est. reading time":"3 minutes"},"schema":{"@context":"https:\/\/schema.org","@graph":[{"@type":"WebSite","@id":"https:\/\/thinkinginyellow.com\/#website","url":"https:\/\/thinkinginyellow.com\/","name":"Thinking in yellow","description":"Simplify your life - Psic\u00f3loga espa\u00f1ola en M\u00fanich para expatriados","potentialAction":[{"@type":"SearchAction","target":{"@type":"EntryPoint","urlTemplate":"https:\/\/thinkinginyellow.com\/?s={search_term_string}"},"query-input":"required name=search_term_string"}],"inLanguage":"en-US"},{"@type":"ImageObject","@id":"https:\/\/thinkinginyellow.com\/en\/sin-ti-no-soy-yo-red-social\/#primaryimage","inLanguage":"en-US","url":"https:\/\/thinkinginyellow.com\/wp-content\/uploads\/2021\/08\/Sin-ti-no-soy-yo.jpg","contentUrl":"https:\/\/thinkinginyellow.com\/wp-content\/uploads\/2021\/08\/Sin-ti-no-soy-yo.jpg","width":563,"height":851,"caption":"Red Social"},{"@type":"WebPage","@id":"https:\/\/thinkinginyellow.com\/en\/sin-ti-no-soy-yo-red-social\/#webpage","url":"https:\/\/thinkinginyellow.com\/en\/sin-ti-no-soy-yo-red-social\/","name":"Sin ti no soy yo - Thinking in yellow","isPartOf":{"@id":"https:\/\/thinkinginyellow.com\/#website"},"primaryImageOfPage":{"@id":"https:\/\/thinkinginyellow.com\/en\/sin-ti-no-soy-yo-red-social\/#primaryimage"},"datePublished":"2021-08-18T13:25:38+00:00","dateModified":"2021-08-18T13:35:33+00:00","author":{"@id":"https:\/\/thinkinginyellow.com\/#\/schema\/person\/1176485c96431fc47c4cdedf7c16ad4e"},"description":"Sin ti no soy yo. Red social. Con quien y como compartes tu vida. Disminuye la ansiedad y el estr\u00e9s. Thinking In Yellow.","breadcrumb":{"@id":"https:\/\/thinkinginyellow.com\/en\/sin-ti-no-soy-yo-red-social\/#breadcrumb"},"inLanguage":"en-US","potentialAction":[{"@type":"ReadAction","target":["https:\/\/thinkinginyellow.com\/en\/sin-ti-no-soy-yo-red-social\/"]}]},{"@type":"BreadcrumbList","@id":"https:\/\/thinkinginyellow.com\/en\/sin-ti-no-soy-yo-red-social\/#breadcrumb","itemListElement":[{"@type":"ListItem","position":1,"name":"Portada","item":"https:\/\/thinkinginyellow.com\/en\/"},{"@type":"ListItem","position":2,"name":"Sin ti no soy yo"}]},{"@type":"Person","@id":"https:\/\/thinkinginyellow.com\/#\/schema\/person\/1176485c96431fc47c4cdedf7c16ad4e","name":"admin","image":{"@type":"ImageObject","@id":"https:\/\/thinkinginyellow.com\/#personlogo","inLanguage":"en-US","url":"https:\/\/secure.gravatar.com\/avatar\/acebaa4d8f696523b9ae5db676fe2f61?s=96&d=mm&r=g","contentUrl":"https:\/\/secure.gravatar.com\/avatar\/acebaa4d8f696523b9ae5db676fe2f61?s=96&d=mm&r=g","caption":"admin"},"sameAs":["https:\/\/thinkinginyellow.com"],"url":"https:\/\/thinkinginyellow.com\/en\/author\/thinking\/"}]}},"jetpack_featured_media_url":"https:\/\/thinkinginyellow.com\/wp-content\/uploads\/2021\/08\/Sin-ti-no-soy-yo.jpg","uagb_featured_image_src":{"full":["https:\/\/thinkinginyellow.com\/wp-content\/uploads\/2021\/08\/Sin-ti-no-soy-yo.jpg",563,851,false],"thumbnail":["https:\/\/thinkinginyellow.com\/wp-content\/uploads\/2021\/08\/Sin-ti-no-soy-yo-150x150.jpg",150,150,true],"medium":["https:\/\/thinkinginyellow.com\/wp-content\/uploads\/2021\/08\/Sin-ti-no-soy-yo-198x300.jpg",198,300,true],"medium_large":["https:\/\/thinkinginyellow.com\/wp-content\/uploads\/2021\/08\/Sin-ti-no-soy-yo.jpg",563,851,false],"large":["https:\/\/thinkinginyellow.com\/wp-content\/uploads\/2021\/08\/Sin-ti-no-soy-yo.jpg",563,851,false],"1536x1536":["https:\/\/thinkinginyellow.com\/wp-content\/uploads\/2021\/08\/Sin-ti-no-soy-yo.jpg",563,851,false],"2048x2048":["https:\/\/thinkinginyellow.com\/wp-content\/uploads\/2021\/08\/Sin-ti-no-soy-yo.jpg",563,851,false],"et-pb-post-main-image":["https:\/\/thinkinginyellow.com\/wp-content\/uploads\/2021\/08\/Sin-ti-no-soy-yo-400x250.jpg",400,250,true],"et-pb-post-main-image-fullwidth":["https:\/\/thinkinginyellow.com\/wp-content\/uploads\/2021\/08\/Sin-ti-no-soy-yo-563x675.jpg",563,675,true],"et-pb-portfolio-image":["https:\/\/thinkinginyellow.com\/wp-content\/uploads\/2021\/08\/Sin-ti-no-soy-yo-400x284.jpg",400,284,true],"et-pb-portfolio-module-image":["https:\/\/thinkinginyellow.com\/wp-content\/uploads\/2021\/08\/Sin-ti-no-soy-yo-510x382.jpg",510,382,true],"et-pb-portfolio-image-single":["https:\/\/thinkinginyellow.com\/wp-content\/uploads\/2021\/08\/Sin-ti-no-soy-yo.jpg",563,851,false],"et-pb-gallery-module-image-portrait":["https:\/\/thinkinginyellow.com\/wp-content\/uploads\/2021\/08\/Sin-ti-no-soy-yo-400x516.jpg",400,516,true],"et-pb-post-main-image-fullwidth-large":["https:\/\/thinkinginyellow.com\/wp-content\/uploads\/2021\/08\/Sin-ti-no-soy-yo.jpg",563,851,false],"et-pb-image--responsive--desktop":["https:\/\/thinkinginyellow.com\/wp-content\/uploads\/2021\/08\/Sin-ti-no-soy-yo.jpg",476,720,false],"et-pb-image--responsive--tablet":["https:\/\/thinkinginyellow.com\/wp-content\/uploads\/2021\/08\/Sin-ti-no-soy-yo.jpg",365,551,false],"et-pb-image--responsive--phone":["https:\/\/thinkinginyellow.com\/wp-content\/uploads\/2021\/08\/Sin-ti-no-soy-yo-480x726.jpg",179,270,true]},"uagb_author_info":{"display_name":"admin","author_link":"https:\/\/thinkinginyellow.com\/en\/author\/thinking\/"},"uagb_comment_info":0,"uagb_excerpt":"Sin ti no soy yo \u00bfTienes\u00a0amigos? S\u00ed, no s\u00e9 si muchos o pocos, no quiero ni evaluar ni juzgar. \u00bfLos tienes cerca? A algunos de ellos no y evidentemente me gustar\u00eda tenerlos en mi d\u00eda porque les necesito, ellos me complementan,&nbsp;me hacen ser quien soy. \u00bfCon qui\u00e9n te encuentras los lunes?,&nbsp;\u00bfqui\u00e9n es esa gente con&hellip;","_links":{"self":[{"href":"https:\/\/thinkinginyellow.com\/en\/wp-json\/wp\/v2\/posts\/482"}],"collection":[{"href":"https:\/\/thinkinginyellow.com\/en\/wp-json\/wp\/v2\/posts"}],"about":[{"href":"https:\/\/thinkinginyellow.com\/en\/wp-json\/wp\/v2\/types\/post"}],"author":[{"embeddable":true,"href":"https:\/\/thinkinginyellow.com\/en\/wp-json\/wp\/v2\/users\/1"}],"replies":[{"embeddable":true,"href":"https:\/\/thinkinginyellow.com\/en\/wp-json\/wp\/v2\/comments?post=482"}],"version-history":[{"count":7,"href":"https:\/\/thinkinginyellow.com\/en\/wp-json\/wp\/v2\/posts\/482\/revisions"}],"predecessor-version":[{"id":492,"href":"https:\/\/thinkinginyellow.com\/en\/wp-json\/wp\/v2\/posts\/482\/revisions\/492"}],"wp:featuredmedia":[{"embeddable":true,"href":"https:\/\/thinkinginyellow.com\/en\/wp-json\/wp\/v2\/media\/483"}],"wp:attachment":[{"href":"https:\/\/thinkinginyellow.com\/en\/wp-json\/wp\/v2\/media?parent=482"}],"wp:term":[{"taxonomy":"category","embeddable":true,"href":"https:\/\/thinkinginyellow.com\/en\/wp-json\/wp\/v2\/categories?post=482"},{"taxonomy":"post_tag","embeddable":true,"href":"https:\/\/thinkinginyellow.com\/en\/wp-json\/wp\/v2\/tags?post=482"}],"curies":[{"name":"wp","href":"https:\/\/api.w.org\/{rel}","templated":true}]}}